{"id":8317,"date":"2023-07-10T13:51:44","date_gmt":"2023-07-10T16:51:44","guid":{"rendered":"https:\/\/tecnologia.ufpr.br\/pipe\/?p=8317"},"modified":"2023-08-07T14:25:38","modified_gmt":"2023-08-07T17:25:38","slug":"abertas-as-inscricoes-para-as-disciplinas-do-segundo-semestre-2023","status":"publish","type":"post","link":"https:\/\/tecnologia.ufpr.br\/pipe\/2023\/07\/10\/abertas-as-inscricoes-para-as-disciplinas-do-segundo-semestre-2023\/","title":{"rendered":"ABERTAS AS INSCRI\u00c7\u00d5ES PARA AS DISCIPLINAS DO SEGUNDO SEMESTRE\/2023"},"content":{"rendered":"\n<p>Prezados alunos, do dia&nbsp;<strong>10\/07\/2023 \u00e0 03\/08\/2023&nbsp;<\/strong>via SIGA, abertas as inscri\u00e7\u00f5es para as disciplinas do <strong>SEGUNDO&nbsp;<\/strong>semestre de 2023 .<\/p>\n\n\n\n<p>Discentes externos devem enviar e-mail para pipe@ufpr.br,  com o formul\u00e1rio preenchido solicitando matr\u00edcula (a depender da disponibilidade de vagas).<\/p>\n\n\n\n<p><a href=\"https:\/\/tecnologia.ufpr.br\/pipe\/wp-content\/uploads\/sites\/2\/2020\/03\/Disciplina-Isolada.doc\">Link formul\u00e1rio aluno externo<\/a><\/p>\n\n\n\n<p><strong>Disciplinas ofertadas:<\/strong><\/p>\n\n\n\n<p><strong>ECMA 7002 \u2013 ASPERS\u00c3O T\u00c9RMICA<\/strong><\/p>\n\n\n\n<p><strong>Prof.: Ramon Sigifredo Paredes<\/strong>&nbsp;\u2013 60 horas \u2013 4 cr\u00e9ditos \u2013 15 vagas<\/p>\n\n\n\n<p>Ementa ofertada:<\/p>\n\n\n\n<p>Conceitos e Fundamentos da Tecnologia de Aspers\u00e3o T\u00e9rmica (AT). Processos de aspers\u00e3o t\u00e9rmica ? Chama Oxiacetil\u00eanica, Arco El\u00e9trico, Plasma, Detona\u00e7\u00e3o, Chama de alta velocidade e Arc Combustion. Caracter\u00edsticas e propriedades dos revestimentos depositados por aspers\u00e3o t\u00e9rmica. Caracter\u00edsticas microestruturais dos revestimentos depositados por aspers\u00e3o t\u00e9rmica. Materiais utilizados. Tratamentos posteriores. Caracteriza\u00e7\u00e3o dos revestimentos depositados por aspers\u00e3o t\u00e9rmica.<\/p>\n\n\n\n<p>Segunda-feira \u2013 13:30 \u00e1s 17:30 \u2013 Local das aulas: Sala de Processos de Fabrica\u00e7\u00e3o \u2013 SPF (oficinas mec\u00e2nicas do DEMEC)<\/p>\n\n\n\n<p>Previs\u00e3o in\u00edcio das aulas <strong>07\/08\/23<\/strong><\/p>\n\n\n\n<p><strong><strong>ECMA 7025 \u2013 POLIMEROS<\/strong><\/strong><\/p>\n\n\n\n<p><strong>Prof.: Daniel Eiras&nbsp;<\/strong>\u2013 60 horas \u2013 4 cr\u00e9ditos \u2013 15 vagas<\/p>\n\n\n\n<p>Ementa ofertada:<\/p>\n\n\n\n<p>Defini\u00e7\u00e3o e Classifica\u00e7\u00e3o de Materiais Polim\u00e9ricos (termopl\u00e1sticos, termorr\u00edgidos, Elast\u00f4meros, Pol\u00edmeros Fibrosos); Configura\u00e7\u00e3o e conforma\u00e7\u00e3o molecular (taticidade, isomerismo, distribui\u00e7\u00e3o de massa molecular) cristalinidade, desordem e carcteriza\u00e7\u00e3o da estutural; propriedades mec\u00e2nicas, t\u00e9rmicas e el\u00e9tricas; pol\u00edmeros para aplica\u00e7\u00f5es tecnol\u00f3gicas.<\/p>\n\n\n\n<p>Sexta-feira \u2013 08:30 \u00e1s 12:30 \u2013 Local das aulas: Sala EQ03<\/p>\n\n\n\n<p>Previs\u00e3o in\u00edcio das aulas <strong>11\/08\/23<\/strong><\/p>\n\n\n\n<p><strong>ECMA 7033 \u2013 SEMIN\u00c1RIOS<\/strong><\/p>\n\n\n\n<p><strong>Prof.:&nbsp;<\/strong>\u2013&nbsp;<strong>Claudia Eliana Marino Zarbin&nbsp;<\/strong>\u2013 30 horas \u2013 2 cr\u00e9ditos \u2013 15 vagas<\/p>\n\n\n\n<p>Ementa ofertada:<\/p>\n\n\n\n<p>O aluno dever\u00e1 assistir aos semin\u00e1rios regularmente oferecidos pelo programa Interdisciplinar de P\u00f3s-Gradua\u00e7\u00e3o em Engenharia e ministrar um semin\u00e1rio referente a um assunto relacionado a sua tese.<\/p>\n\n\n\n<p>Ter\u00e7a-feira \u2013 13:30 \u00e1s 15:30 \u2013 Local das aulas: Sala NSK na Eng. Mec\u00e2nica<\/p>\n\n\n\n<p>Previs\u00e3o in\u00edcio das aulas <strong>08\/08\/23<\/strong><\/p>\n\n\n\n<p><strong>ECMA 7034 \u2013 SIMULA\u00c7\u00c3O E CONTROLE DE SISTEMAS F\u00cdSICOS<\/strong><\/p>\n\n\n\n<p><strong>Prof.: Jos\u00e9 Viriato Coelho Vargas<\/strong>&nbsp;\u2013 60 horas \u2013 4 cr\u00e9ditos \u2013 15 vagas<\/p>\n\n\n\n<p>Ementa ofertada:<\/p>\n\n\n\n<p>Fundamentos de modelo de simula\u00e7\u00e3o, estado da arte da an\u00e1lise exerg\u00e9tica e otimiza\u00e7\u00e3o termodin\u00e2mica, termoeconomia, exergoeconomia, fun\u00e7\u00e3o objetivo, an\u00e1lise de modelos desenvolvidos. an\u00e1lise de novos modelos<\/p>\n\n\n\n<p>Quarta-feira \u2013 08:00 \u00e1s 12:00 \u2013 Local das aulas: Sala do NPDEAS &nbsp;<\/p>\n\n\n\n<p>Previs\u00e3o in\u00edcio das aulas <strong>09\/08\/23<\/strong><\/p>\n\n\n\n<p><strong>ECMA 7036 \u2013 TECNOLOGIA DE FILMES FINOS<\/strong><\/p>\n\n\n\n<p><strong>Prof.: Dante Homero Mosca J\u00fanior<\/strong>&nbsp;\u2013 60 horas \u2013 4 cr\u00e9ditos \u2013 15 vagas<\/p>\n\n\n\n<p>Ementa ofertada:<\/p>\n\n\n\n<p>Deposi\u00e7\u00e3o f\u00edsica e qu\u00edmica a partir da fase vapor. Crescimento de filmes: epitaxia. T\u00e9cnicas de caracteriza\u00e7\u00e3o de filmes finos. Propriedades mec\u00e2nicas el\u00e9tricas, magn\u00e9ticas e \u00f3ticas de filmes. Filmes metal\u00fargicos e protetivos. Interdifus\u00e3o, rea\u00e7\u00e3o de modifica\u00e7\u00e3o de filmes finos. Tecnologia emergentes<\/p>\n\n\n\n<p>Quarta-feira \u2013 13:30 \u00e1s 17:30 \u2013 Local das aulas: Sala do NPDEAS &nbsp;<\/p>\n\n\n\n<p>Previs\u00e3o in\u00edcio das aulas <strong>09\/08\/23<\/strong><\/p>\n\n\n\n<ul><li><strong>ECMA 7037 \u2013 TERMODIN\u00c2MICA DE MATERIAIS&nbsp;<\/strong><\/li><\/ul>\n\n\n\n<p>P<strong>rof. Carlos Itsuo Yamamoto<\/strong>&nbsp;\u2013 60 horas \u2013 4 cr\u00e9ditos \u2013 30 vagas<\/p>\n\n\n\n<p>Ementa:<\/p>\n\n\n\n<p>Introdu\u00e7\u00e3o hist\u00f3rica. Leis da Termodin\u00e2mica. Potenciais Termodin\u00e2micos. Conceitos de Termodin\u00e2mica<br>estat\u00edstica. Termodin\u00e2mica de s\u00f3lidos. Termodin\u00e2mica de transforma\u00e7\u00e3o de fase. Termodin\u00e2mica<br>qu\u00edmica. Diagramas de fases. Cin\u00e9tica de transforma\u00e7\u00f5es.<\/p>\n\n\n\n<p>Sexta-feira \u2013 07:30 \u00e0s 11:30 \u2013 Local das aulas: EQ-14 do pr\u00e9dio da Engenharia Qu\u00edmica.<\/p>\n\n\n\n<p>Previs\u00e3o in\u00edcio das aulas <strong>11\/08\/23<\/strong><\/p>\n\n\n\n<p><strong>ECMA 7041 \u2013 T\u00d3PICOS ESPECIAIS EM ENGENHARIA DOS MATERIAIS I \u2013 Materiais Lamelares &#8211; S\u00edntese, Caracteriza\u00e7\u00e3o e Aplica\u00e7\u00f5es<\/strong><\/p>\n\n\n\n<p><strong>Prof.:&nbsp;<\/strong>\u2013&nbsp;<strong>Fernando Wypych<\/strong>&nbsp;<strong>e Shirley Nakagaki&nbsp;<\/strong>\u2013 30 horas \u2013 2 cr\u00e9ditos \u2013 10 vagas<\/p>\n\n\n\n<p>Ementa oferatada:<\/p>\n\n\n\n<p>Conceitos, classifica\u00e7\u00e3o, s\u00ednteses e caracteriza\u00e7\u00f5es de materiais lamelares naturais e sint\u00e9ticos. Compostos de intercala\u00e7\u00e3o, politipismo e polimorfismo. Processos e t\u00e9cnicas de an\u00e1lise empregadas na obten\u00e7\u00e3o e caracteriza\u00e7\u00e3o de compostos lamelares. Aplica\u00e7\u00f5es dos compostos lamelares.<br>Objetivo: Proporcionar ao aluno de mestrado e doutorado o aprimoramento de sua forma\u00e7\u00e3o em uma \u00e1rea relacionada \u00e0 qu\u00edmica: prepara\u00e7\u00e3o, caracteriza\u00e7\u00e3o e aplica\u00e7\u00e3o de materiais lamelares.<\/p>\n\n\n\n<p>Quarta-feira \u2013 13:30 \u00e1s 15:30 \u2013 Local das aulas: Anfi-a do Setor de Exatas &#8211; Anfiteatro A &#8211; Setor de Exatas<\/p>\n\n\n\n<p>Previs\u00e3o in\u00edcio das aulas<strong> 16\/08\/23<\/strong><\/p>\n\n\n\n<p><strong>ECMA 7041 \u2013 T\u00d3PICOS ESPECIAIS EM ENGENHARIA DOS MATERIAIS I\u2013<\/strong>&nbsp;<strong>Biorrefinaria florestal<\/strong><\/p>\n\n\n\n<p><strong>Prof.:&nbsp;<\/strong>\u2013&nbsp;<strong>Pedro Henrique Gonzalez de Cademartori <\/strong>\u2013 30 horas \u2013 2 cr\u00e9ditos \u2013 15 vagas<\/p>\n\n\n\n<p>Ementa ofertada:<\/p>\n\n\n\n<p>1) Fundamentos da bioeconomia com foco em sistemas de base florestal.<br>2) Fundamentos da biorrefinaria florestal.<br>3) Fundamentos da nanotecnologia aplicada a materiais renov\u00e1veis.<br>4) A bioeconomia e sua rela\u00e7\u00e3o com os produtos de base florestal.<br>5) Potencial da nanotecnologia no setor florestal aliada aos conceitos de biorrefinaria.<br>6) Processos e produtos em sistemas de biorrefinaria florestal.<br>7) Estudos de caso e aplica\u00e7\u00f5es industriais<\/p>\n\n\n\n<p><strong>Observa\u00e7\u00e3o:<\/strong><span class=\"has-inline-color has-vivid-cyan-blue-color\"> <\/span><em><span class=\"has-inline-color has-black-color\"><strong>Modelo: H\u00edbrida (presencial para estudantes residentes em Curitiba e remota para estudantes de outras institui\u00e7\u00f5es). Aulas te\u00f3ricas a serem ministradas no NTE, permitindo a participa\u00e7\u00e3o de estudantes em modo presencial e remoto.<\/strong><\/span><\/em><\/p>\n\n\n\n<p>Ter\u00e7a-feira \u2013 13:30 \u00e1s 15:30 \u2013 Local das aulas: NTE do Cifloma<\/p>\n\n\n\n<p>Previs\u00e3o in\u00edcio das aulas<strong> 08\/08\/2023<\/strong><\/p>\n\n\n\n<p><strong>ECMA 7041 \u2013 T\u00d3PICOS ESPECIAIS EM ENGENHARIA DOS MATERIAIS II\u2013<\/strong>&nbsp;<strong>Controle da polui\u00e7\u00e3o do ar<\/strong><\/p>\n\n\n\n<p><strong>Prof.:&nbsp;<\/strong>\u2013&nbsp;<strong>Ricardo Henrique Moreton Godoy&nbsp;<\/strong>\u2013 45 horas \u2013 3 cr\u00e9ditos \u2013 15 vagas<\/p>\n\n\n\n<p>Ementa ofertada:<\/p>\n\n\n\n<p>Forma\u00e7\u00e3o e reatividade de poluentes org\u00e2nicos e inorg\u00e2nicos atmosf\u00e9ricos , e suas consequ\u00eancias nos processos de mudan\u00e7as clim\u00e1ticas; Efeito da polui\u00e7\u00e3o atmosf\u00e9rica no sistema respirat\u00f3rio humano e a direta rela\u00e7\u00e3o com a expectativa de vida: c\u00e1lculos de morbidade e mortalidade. Amostragens de gases e de aeross\u00f3is , ativas e passivas , e seu emprego estrat\u00e9gico em diferentes situa\u00e7\u00f5es. Polui\u00e7\u00e3o automotiva e Industrial: sistemas de minimiza\u00e7\u00e3o e controle; Estrat\u00e9gias amostrais para se conceber um invent\u00e1rio de poluentes atmosf\u00e9ricos consistente.<\/p>\n\n\n\n<p>Ter\u00e7a e Quinta-Feira \u2013 09:30 \u00e1s 11:30 \u2013 Local das aulas: 1\u00aa semana online<\/p>\n\n\n\n<p>Previs\u00e3o in\u00edcio das aulas<strong> 24\/07\/2023<\/strong><\/p>\n\n\n\n<p><strong>ECMA 7026 \u2013 PR\u00c1TICA DE DOC\u00caNCIA I<\/strong><\/p>\n\n\n\n<p>10 vagas \u2013 30 horas \u2013 2 cr\u00e9ditos<\/p>\n\n\n\n<p>*O plano da disciplina deve ser entregue, em PDF por e-mail,&nbsp;<strong>at\u00e9 20\/08\/2023<\/strong><\/p>\n\n\n\n<p><strong>ECMA 7027 \u2013 PR\u00c1TICA DE DOC\u00caNCIA II<\/strong><\/p>\n\n\n\n<p>10 vagas \u2013 45 horas \u2013 3 cr\u00e9ditos<\/p>\n\n\n\n<p>*O plano da disciplina deve ser entregue, em PDF por e-mail,&nbsp;<strong>at\u00e9 20\/08\/2023<\/strong><\/p>\n","protected":false},"excerpt":{"rendered":"<p>Prezados alunos, do dia&nbsp;10\/07\/2023 \u00e0 03\/08\/2023&nbsp;via SIGA, abertas as inscri\u00e7\u00f5es para as disciplinas do SEGUNDO&nbsp;semestre de 2023 . Discentes externos devem enviar e-mail para pipe@ufpr.br, [&hellip;]<\/p>\n","protected":false},"author":1000,"featured_media":0,"comment_status":"closed","ping_status":"closed","sticky":false,"template":"","format":"standard","meta":{"footnotes":""},"categories":[1],"tags":[],"_links":{"self":[{"href":"https:\/\/tecnologia.ufpr.br\/pipe\/wp-json\/wp\/v2\/posts\/8317"}],"collection":[{"href":"https:\/\/tecnologia.ufpr.br\/pipe\/wp-json\/wp\/v2\/posts"}],"about":[{"href":"https:\/\/tecnologia.ufpr.br\/pipe\/wp-json\/wp\/v2\/types\/post"}],"author":[{"embeddable":true,"href":"https:\/\/tecnologia.ufpr.br\/pipe\/wp-json\/wp\/v2\/users\/1000"}],"replies":[{"embeddable":true,"href":"https:\/\/tecnologia.ufpr.br\/pipe\/wp-json\/wp\/v2\/comments?post=8317"}],"version-history":[{"count":27,"href":"https:\/\/tecnologia.ufpr.br\/pipe\/wp-json\/wp\/v2\/posts\/8317\/revisions"}],"predecessor-version":[{"id":8586,"href":"https:\/\/tecnologia.ufpr.br\/pipe\/wp-json\/wp\/v2\/posts\/8317\/revisions\/8586"}],"wp:attachment":[{"href":"https:\/\/tecnologia.ufpr.br\/pipe\/wp-json\/wp\/v2\/media?parent=8317"}],"wp:term":[{"taxonomy":"category","embeddable":true,"href":"https:\/\/tecnologia.ufpr.br\/pipe\/wp-json\/wp\/v2\/categories?post=8317"},{"taxonomy":"post_tag","embeddable":true,"href":"https:\/\/tecnologia.ufpr.br\/pipe\/wp-json\/wp\/v2\/tags?post=8317"}],"curies":[{"name":"wp","href":"https:\/\/api.w.org\/{rel}","templated":true}]}}