{"id":7836,"date":"2022-07-11T14:38:14","date_gmt":"2022-07-11T17:38:14","guid":{"rendered":"https:\/\/tecnologia.ufpr.br\/pipe\/?p=7836"},"modified":"2022-07-11T14:38:14","modified_gmt":"2022-07-11T17:38:14","slug":"abertas-as-inscricoes-para-as-disciplinas-do-segundo-semestre-2022","status":"publish","type":"post","link":"https:\/\/tecnologia.ufpr.br\/pipe\/2022\/07\/11\/abertas-as-inscricoes-para-as-disciplinas-do-segundo-semestre-2022\/","title":{"rendered":"ABERTAS AS INSCRI\u00c7\u00d5ES PARA AS DISCIPLINAS DO SEGUNDO  SEMESTRE\/2022"},"content":{"rendered":"\n<p>Prezados alunos, do dia\u00a0<strong>11\/07\/2022 \u00e0 28\/07\/2022\u00a0<\/strong>via SIGA, abertas as inscri\u00e7\u00f5es para as disciplinas do<strong>\u00a0segundo semestre de 2022 .<\/strong><\/p>\n\n\n\n<p><\/p>\n\n\n\n<p>Discentes externos devem enviar e-mail para pipe@ufpr.br, solicitando matr\u00edcula (a depender da disponibilidade de vagas).<\/p>\n\n\n\n<p><strong>OBS.: INCLUIR COMPROVANTE DE VACINA\u00c7\u00c3O NO SIGA<\/strong><\/p>\n\n\n\n<p><\/p>\n\n\n\n<ul><li><strong>ECMA 7014 \u2013 F\u00cdSICA DOS DIEL\u00c9TRICOS<\/strong><\/li><\/ul>\n\n\n\n<p><strong>Prof. VITOLDO SWINKA FILHO\u00a0<\/strong>\u2013 60 horas \u2013 4 cr\u00e9ditos \u2013 20 vagas<\/p>\n\n\n\n<p>Ementa ofertada:<\/p>\n\n\n\n<p>Potencial de um grupo de carga. Dipolos Induzidos. Teoria Estat\u00edstica de Orienta\u00e7\u00e3o Dipolar. Permissividade Complexa. Rela\u00e7\u00e3o entre Grandezas Macrosc\u00f3picas e Microsc\u00f3picas. Relaxa\u00e7\u00e3o Diel\u00e9trica. Isolantes e Semicondutores de Banda Larga. Inje\u00e7\u00e3o de Correntes limitada por carga espacial. Condutividade Intr\u00ednseca e Extr\u00ednseca. Rigidez Diel\u00e9trica.<\/p>\n\n\n\n<p>Quinta-feira \u2013 14:00 \u00e1s 17:00 \u2013 Local das aulas: Sala sala NSK- Engenharia Mec\u00e2nica<\/p>\n\n\n\n<p><\/p>\n\n\n\n<ul><li><strong>ECMA 7033 \u2013 SEMIN\u00c1RIOS<\/strong><\/li><\/ul>\n\n\n\n<p><strong>Prof\u00aa CLAUDIA ELIANA BRUNO MARINO\u00a0ZARBIN<\/strong>\u00a0\u2013 30 horas \u2013 2 cr\u00e9ditos \u2013 20 vagas<\/p>\n\n\n\n<p>Ementa ofertada:<\/p>\n\n\n\n<p>O aluno dever\u00e1 assistir aos semin\u00e1rios regularmente oferecidos pelo programa Interdisciplinar de P\u00f3s-Gradua\u00e7\u00e3o em Engenharia e ministrar um semin\u00e1rio referente a um assunto relacionado a sua tese.<\/p>\n\n\n\n<p>Ter\u00e7a-feira- 13:30 \u00e0s 15:30 \u2013 Local das aulas: Sala NSK.<\/p>\n\n\n\n<p><\/p>\n\n\n\n<ul><li><strong>ECMA 7034 \u2013 SIMULA\u00c7\u00c3O E CONTROLE DE SISTEMAS F\u00cdSICOS<\/strong><\/li><\/ul>\n\n\n\n<p><strong>Prof. JOS\u00c9 VIRIATO COELHO VARGAS<\/strong>&nbsp;\u2013 60 horas \u2013 4 cr\u00e9ditos \u2013 15 vagas<\/p>\n\n\n\n<p>Ementa ofertada:<\/p>\n\n\n\n<p>Fundamentos de modelo de simula\u00e7\u00e3o, estado da arte da an\u00e1lise exerg\u00e9tica e otimiza\u00e7\u00e3o termodin\u00e2mica, termoeconomia, exergoeconomia, fun\u00e7\u00e3o objetivo, an\u00e1lise de modelos desenvolvidos. an\u00e1lise de novos modelos<\/p>\n\n\n\n<p>Quarta-feira \u2013 08:00 \u00e0s 12:00 \u2013 Local das aulas: Sala d o NPDEAS<\/p>\n\n\n\n<p><\/p>\n\n\n\n<ul><li><strong>ECMA 7037 \u2013 TERMODIN\u00c2MICA DE MATERIAIS\u00a0<\/strong><\/li><\/ul>\n\n\n\n<p>P<strong>rof. DANIEL EIRAS\/ JOS\u00c9 ARRUDA DE OLIVEIRA FREIRE<\/strong>\u00a0\u2013 60 horas \u2013 4 cr\u00e9ditos \u2013 20 vagas<\/p>\n\n\n\n<p>Ementa:<\/p>\n\n\n\n<p>Introdu\u00e7\u00e3o hist\u00f3rica. Leis da Termodin\u00e2mica. Potenciais Termodin\u00e2micos. Conceitos de Termodin\u00e2mica<br>estat\u00edstica. Termodin\u00e2mica de s\u00f3lidos. Termodin\u00e2mica de transforma\u00e7\u00e3o de fase. Termodin\u00e2mica<br>qu\u00edmica. Diagramas de fases. Cin\u00e9tica de transforma\u00e7\u00f5es.<\/p>\n\n\n\n<p>Sexta-feira \u2013 08:00 \u00e0s 12:00 \u2013 Local das aulas: A definir<\/p>\n\n\n\n<p><\/p>\n\n\n\n<ul><li><strong>ECMA 7007 \u2013 ELABORA\u00c7\u00c3O DISSERTA\u00c7\u00c3O DE MESTRADO<\/strong><\/li><\/ul>\n\n\n\n<p>*&nbsp;<em><strong>Devem matricular-se nesta disciplinas todos os alunos que est\u00e3o cursando o \u00faltimo semestre de Mestrado<\/strong><\/em><\/p>\n\n\n\n<p>Hor\u00e1rio e local a definir \u2013 10 vagas<\/p>\n\n\n\n<ul><li><strong>ECMA 7008 \u2013 ELABORA\u00c7\u00c3O DE TESE DE DOUTORADO<\/strong><\/li><\/ul>\n\n\n\n<p>*<em><strong>Devem matricular-se nesta disciplinas todos os alunos que est\u00e3o cursando o \u00faltimo semestre de Doutorado<\/strong><\/em><\/p>\n\n\n\n<p>Hor\u00e1rio e local a definir \u2013 10 vagas<\/p>\n\n\n\n<ul><li><strong>ECMA 7026 \u2013 PR\u00c1TICA DE DOC\u00caNCIA I<\/strong><\/li><\/ul>\n\n\n\n<p>Hor\u00e1rio e local a definir \u2013 10 vagas \u2013 30 horas \u2013 2 cr\u00e9ditos<\/p>\n\n\n\n<p>*O plano da disciplina deve ser entregue, pessoalmente ou em PDF por e-mail,\u00a0<strong>at\u00e9 15\/08\/2022<\/strong><\/p>\n\n\n\n<ul><li><strong>ECMA 7027 \u2013 PR\u00c1TICA DE DOC\u00caNCIA II<\/strong><\/li><\/ul>\n\n\n\n<p>Hor\u00e1rio e local a definir \u2013 10 vagas \u2013 45 horas \u2013 3 cr\u00e9ditos<\/p>\n\n\n\n<p>*O plano da disciplina deve ser entregue, pessoalmente ou em PDF por e-mail,\u00a0<strong>at\u00e9 15\/08\/2022<\/strong><\/p>\n","protected":false},"excerpt":{"rendered":"<p>Prezados alunos, do dia\u00a011\/07\/2022 \u00e0 28\/07\/2022\u00a0via SIGA, abertas as inscri\u00e7\u00f5es para as disciplinas do\u00a0segundo semestre de 2022 . Discentes externos devem enviar e-mail para pipe@ufpr.br, [&hellip;]<\/p>\n","protected":false},"author":1000,"featured_media":0,"comment_status":"closed","ping_status":"closed","sticky":false,"template":"","format":"standard","meta":{"footnotes":""},"categories":[1],"tags":[],"_links":{"self":[{"href":"https:\/\/tecnologia.ufpr.br\/pipe\/wp-json\/wp\/v2\/posts\/7836"}],"collection":[{"href":"https:\/\/tecnologia.ufpr.br\/pipe\/wp-json\/wp\/v2\/posts"}],"about":[{"href":"https:\/\/tecnologia.ufpr.br\/pipe\/wp-json\/wp\/v2\/types\/post"}],"author":[{"embeddable":true,"href":"https:\/\/tecnologia.ufpr.br\/pipe\/wp-json\/wp\/v2\/users\/1000"}],"replies":[{"embeddable":true,"href":"https:\/\/tecnologia.ufpr.br\/pipe\/wp-json\/wp\/v2\/comments?post=7836"}],"version-history":[{"count":4,"href":"https:\/\/tecnologia.ufpr.br\/pipe\/wp-json\/wp\/v2\/posts\/7836\/revisions"}],"predecessor-version":[{"id":7840,"href":"https:\/\/tecnologia.ufpr.br\/pipe\/wp-json\/wp\/v2\/posts\/7836\/revisions\/7840"}],"wp:attachment":[{"href":"https:\/\/tecnologia.ufpr.br\/pipe\/wp-json\/wp\/v2\/media?parent=7836"}],"wp:term":[{"taxonomy":"category","embeddable":true,"href":"https:\/\/tecnologia.ufpr.br\/pipe\/wp-json\/wp\/v2\/categories?post=7836"},{"taxonomy":"post_tag","embeddable":true,"href":"https:\/\/tecnologia.ufpr.br\/pipe\/wp-json\/wp\/v2\/tags?post=7836"}],"curies":[{"name":"wp","href":"https:\/\/api.w.org\/{rel}","templated":true}]}}