{"id":7796,"date":"2022-06-03T08:39:50","date_gmt":"2022-06-03T11:39:50","guid":{"rendered":"https:\/\/tecnologia.ufpr.br\/pipe\/?p=7796"},"modified":"2022-06-07T12:47:31","modified_gmt":"2022-06-07T15:47:31","slug":"abertas-inscricoes-para-a-disciplina-ecma-7002-aspersao-termica","status":"publish","type":"post","link":"https:\/\/tecnologia.ufpr.br\/pipe\/2022\/06\/03\/abertas-inscricoes-para-a-disciplina-ecma-7002-aspersao-termica\/","title":{"rendered":"Abertas inscri\u00e7\u00f5es para a disciplina -ECMA 7002 ASPERS\u00c3O T\u00c9RMICA"},"content":{"rendered":"\n<p>Abertas as inscri\u00e7\u00f5es para a disciplina&nbsp;ECMA 7002 ASPERS\u00c3O T\u00c9RMICA &#8211; 60 horas &#8211; 4 cr\u00e9ditos do&nbsp;<strong>dia 02\/06 a 14\/06.<\/strong><\/p>\n\n\n\n<p><strong>Inicio das aulas: 14\/06\/2022 &#8211; Trimestral<\/strong><\/p>\n\n\n\n<p><strong>Hor\u00e1rio: Ter\u00e7a e quinta-feiras das 15:30 \u00e0s 18:30<\/strong><\/p>\n\n\n\n<p>30 horas Te\u00f3rica Remota &#8211; &nbsp; 10 horas Laborat\u00f3rio e &nbsp;v\u00eddeos demonstrativos &#8211; 10 horas Estudos de Casos &#8211; 10 horas Semin\u00e1rios<br><\/p>\n\n\n\n<p><strong>Prof. Ramon Sigefredo Paredes<\/strong><\/p>\n\n\n\n<p><strong>Ementa:<\/strong><\/p>\n\n\n\n<p><strong>1. Fundamentos da Tecnologia de Aspers\u00e3o T\u00e9rmica (Thermal Spray).<br>2. Processos de Aspers\u00e3o T\u00e9rmica<br>3. Materiais utilizados [ligas, misturas, materiais elementares e formados in situ]<br>4. Previs\u00e3o da forma\u00e7\u00e3o de misturas para aplicar como revestimentos [Aspers\u00e3o T\u00e9rmica + Soldagem]<br>4. Caracter\u00edsticas e propriedades dos revestimentos depositados por Aspers\u00e3o T\u00e9rmica.<br>5. Normas T\u00e9cnicas Nacionais e Internacionais<br>5. Caracter\u00edsticas micro estruturais dos revestimentos<br>6. Tratamentos posteriores \u00e0 deposi\u00e7\u00e3o dos revestimentos<br>7. Caracteriza\u00e7\u00e3o dos revestimentos [mec\u00e2nica e corros\u00e3o]<br>8. Analise de casos de aplica\u00e7\u00f5es experimentais e industriais<br>9. An\u00e1lise de casos [teses de doutorado e disserta\u00e7\u00f5es de mestrado]<br>10. Laborat\u00f3rio demonstrativos e an\u00e1lise de v\u00eddeos<br>11. Semin\u00e1rios de Aspers\u00e3o T\u00e9rmica<\/strong><\/p>\n\n\n\n<p><strong>Programa\u00e7\u00e3o das Avalia\u00e7\u00f5es:<br>Uma Prova<br>Apresenta\u00e7\u00e3o de semin\u00e1rios [1]<br>Estudos de Casos [1]: An\u00e1lise de Teses ou Disserta\u00e7\u00f5es<\/strong><\/p>\n","protected":false},"excerpt":{"rendered":"<p>Abertas as inscri\u00e7\u00f5es para a disciplina&nbsp;ECMA 7002 ASPERS\u00c3O T\u00c9RMICA &#8211; 60 horas &#8211; 4 cr\u00e9ditos do&nbsp;dia 02\/06 a 14\/06. Inicio das aulas: 14\/06\/2022 &#8211; Trimestral [&hellip;]<\/p>\n","protected":false},"author":1000,"featured_media":0,"comment_status":"closed","ping_status":"closed","sticky":false,"template":"","format":"standard","meta":{"footnotes":""},"categories":[1],"tags":[],"_links":{"self":[{"href":"https:\/\/tecnologia.ufpr.br\/pipe\/wp-json\/wp\/v2\/posts\/7796"}],"collection":[{"href":"https:\/\/tecnologia.ufpr.br\/pipe\/wp-json\/wp\/v2\/posts"}],"about":[{"href":"https:\/\/tecnologia.ufpr.br\/pipe\/wp-json\/wp\/v2\/types\/post"}],"author":[{"embeddable":true,"href":"https:\/\/tecnologia.ufpr.br\/pipe\/wp-json\/wp\/v2\/users\/1000"}],"replies":[{"embeddable":true,"href":"https:\/\/tecnologia.ufpr.br\/pipe\/wp-json\/wp\/v2\/comments?post=7796"}],"version-history":[{"count":3,"href":"https:\/\/tecnologia.ufpr.br\/pipe\/wp-json\/wp\/v2\/posts\/7796\/revisions"}],"predecessor-version":[{"id":7800,"href":"https:\/\/tecnologia.ufpr.br\/pipe\/wp-json\/wp\/v2\/posts\/7796\/revisions\/7800"}],"wp:attachment":[{"href":"https:\/\/tecnologia.ufpr.br\/pipe\/wp-json\/wp\/v2\/media?parent=7796"}],"wp:term":[{"taxonomy":"category","embeddable":true,"href":"https:\/\/tecnologia.ufpr.br\/pipe\/wp-json\/wp\/v2\/categories?post=7796"},{"taxonomy":"post_tag","embeddable":true,"href":"https:\/\/tecnologia.ufpr.br\/pipe\/wp-json\/wp\/v2\/tags?post=7796"}],"curies":[{"name":"wp","href":"https:\/\/api.w.org\/{rel}","templated":true}]}}