{"id":7660,"date":"2022-04-18T15:28:55","date_gmt":"2022-04-18T18:28:55","guid":{"rendered":"https:\/\/tecnologia.ufpr.br\/pipe\/?p=7660"},"modified":"2022-04-18T15:30:41","modified_gmt":"2022-04-18T18:30:41","slug":"adiado-para-o-dia-25-04-a-votacao-para-membros-do-colegiado-e-representante-discente","status":"publish","type":"post","link":"https:\/\/tecnologia.ufpr.br\/pipe\/2022\/04\/18\/adiado-para-o-dia-25-04-a-votacao-para-membros-do-colegiado-e-representante-discente\/","title":{"rendered":"ADIADO  para o dia 25\/04 a vota\u00e7\u00e3o para Membros do Colegiado e Representante Discente"},"content":{"rendered":"\n<p>Devido ao <strong>feriado de 21\/04,<\/strong>\u00a0a vota\u00e7\u00e3o para Membros do colegiado e Representante discente que ocorreria no 22\/04,\u00a0<strong>foi adiado para o dia 25\/04,\u00a0<\/strong>nos mesmos hor\u00e1rios.<\/p>\n\n\n\n<p><strong>&#8220;A vota\u00e7\u00e3o ser\u00e1 realizadas no dia 25\u00a0de abril de 2022, na Secretaria do Programa, localizada no 2\u00ba Andar do Pr\u00e9dio de Administra\u00e7\u00e3o no Campus Centro Polit\u00e9cnico, no hor\u00e1rio\u00a0das 08:30 \u00e0s 12:00  e das 13:30 \u00e0s 16:30 &#8220;.<\/strong><\/p>\n","protected":false},"excerpt":{"rendered":"<p>Devido ao feriado de 21\/04,\u00a0a vota\u00e7\u00e3o para Membros do colegiado e Representante discente que ocorreria no 22\/04,\u00a0foi adiado para o dia 25\/04,\u00a0nos mesmos hor\u00e1rios. &#8220;A [&hellip;]<\/p>\n","protected":false},"author":1000,"featured_media":0,"comment_status":"closed","ping_status":"closed","sticky":false,"template":"","format":"standard","meta":{"footnotes":""},"categories":[1],"tags":[],"_links":{"self":[{"href":"https:\/\/tecnologia.ufpr.br\/pipe\/wp-json\/wp\/v2\/posts\/7660"}],"collection":[{"href":"https:\/\/tecnologia.ufpr.br\/pipe\/wp-json\/wp\/v2\/posts"}],"about":[{"href":"https:\/\/tecnologia.ufpr.br\/pipe\/wp-json\/wp\/v2\/types\/post"}],"author":[{"embeddable":true,"href":"https:\/\/tecnologia.ufpr.br\/pipe\/wp-json\/wp\/v2\/users\/1000"}],"replies":[{"embeddable":true,"href":"https:\/\/tecnologia.ufpr.br\/pipe\/wp-json\/wp\/v2\/comments?post=7660"}],"version-history":[{"count":2,"href":"https:\/\/tecnologia.ufpr.br\/pipe\/wp-json\/wp\/v2\/posts\/7660\/revisions"}],"predecessor-version":[{"id":7664,"href":"https:\/\/tecnologia.ufpr.br\/pipe\/wp-json\/wp\/v2\/posts\/7660\/revisions\/7664"}],"wp:attachment":[{"href":"https:\/\/tecnologia.ufpr.br\/pipe\/wp-json\/wp\/v2\/media?parent=7660"}],"wp:term":[{"taxonomy":"category","embeddable":true,"href":"https:\/\/tecnologia.ufpr.br\/pipe\/wp-json\/wp\/v2\/categories?post=7660"},{"taxonomy":"post_tag","embeddable":true,"href":"https:\/\/tecnologia.ufpr.br\/pipe\/wp-json\/wp\/v2\/tags?post=7660"}],"curies":[{"name":"wp","href":"https:\/\/api.w.org\/{rel}","templated":true}]}}