{"id":7356,"date":"2021-10-29T14:04:39","date_gmt":"2021-10-29T17:04:39","guid":{"rendered":"https:\/\/tecnologia.ufpr.br\/pipe\/?p=7356"},"modified":"2021-10-29T16:16:57","modified_gmt":"2021-10-29T19:16:57","slug":"professor-andre-bellin-mariano-ganha-premio-na-area-de-engenharias","status":"publish","type":"post","link":"https:\/\/tecnologia.ufpr.br\/pipe\/2021\/10\/29\/professor-andre-bellin-mariano-ganha-premio-na-area-de-engenharias\/","title":{"rendered":"Professor Andr\u00e9 Bellin  Mariano ganha pr\u00eamio na \u00e1rea de Engenharias"},"content":{"rendered":"\n<p>Professor <a href=\"https:\/\/www.facebook.com\/andrebmariano?__cft__[0]=AZXSJT9QxCacQrPVhZspSUTY-G8GLXCNWuKTmmoUYx4rTy7iw18w0CegPA4yjLbQ2Q7ZGOQqroOLRMngnRKHHr8MeNofWnUY4hVeOBZsdtmqbCc6vZdoAmjAzuxw7Rc_wR1FkEFQ3gUyX8RkM7U0mmJx&amp;__tn__=-]K-R\">Andr\u00e9 B. Mariano<\/a> que orienta alunos de mestrado, doutorado e p\u00f3s-doutorado no Programa de P\u00f3s-Gradua\u00e7\u00e3o em Engenharia e Ci\u00eancia dos Materiais (<a href=\"https:\/\/www.facebook.com\/pipeufpr\/?__cft__[0]=AZXSJT9QxCacQrPVhZspSUTY-G8GLXCNWuKTmmoUYx4rTy7iw18w0CegPA4yjLbQ2Q7ZGOQqroOLRMngnRKHHr8MeNofWnUY4hVeOBZsdtmqbCc6vZdoAmjAzuxw7Rc_wR1FkEFQ3gUyX8RkM7U0mmJx&amp;__tn__=kK-R\">PIPE<\/a>), foi premiado no 34\u00ba Pr\u00eamio Paranaense de Ci\u00eancia e Tecnologia em Engenharias na categoria Pesquisador-Extensionista. A cerim\u00f4nia de premia\u00e7\u00e3o aconteceu no no Sal\u00e3o de Atos do Pal\u00e1cio Igua\u00e7u no dia 28\/10\/21.<\/p>\n\n\n\n<p><a rel=\"noreferrer noopener\" href=\"https:\/\/www.ufpr.brufpr\/noticias\/pesquisador-da-ufpr-recebe-34o-premio-paranaense-de-ciencia-e-tecnologia\/?fbclid=IwAR08cobajfK0fIpxToo4J9Lus0qHSJRbNpqh-gk4nabG7Gsm4ZYsuqSrN6s\" target=\"_blank\">https:\/\/www.ufpr.br\/&#8230;\/pesquisador-da-ufpr-recebe-34o&#8230;\/<\/a><\/p>\n\n\n\n<figure class=\"wp-block-image size-large\"><img loading=\"lazy\" decoding=\"async\" width=\"1024\" height=\"683\" src=\"https:\/\/tecnologia.ufpr.br\/pipe\/wp-content\/uploads\/sites\/2\/2021\/10\/20211028_AGB_34_PREMIO_CIENCIA_TECNOLOGIA14-1-1024x683.jpg\" alt=\"\" class=\"wp-image-7366\" srcset=\"https:\/\/tecnologia.ufpr.br\/pipe\/wp-content\/uploads\/sites\/2\/2021\/10\/20211028_AGB_34_PREMIO_CIENCIA_TECNOLOGIA14-1-1024x683.jpg 1024w, https:\/\/tecnologia.ufpr.br\/pipe\/wp-content\/uploads\/sites\/2\/2021\/10\/20211028_AGB_34_PREMIO_CIENCIA_TECNOLOGIA14-1-300x200.jpg 300w, https:\/\/tecnologia.ufpr.br\/pipe\/wp-content\/uploads\/sites\/2\/2021\/10\/20211028_AGB_34_PREMIO_CIENCIA_TECNOLOGIA14-1-768x512.jpg 768w, https:\/\/tecnologia.ufpr.br\/pipe\/wp-content\/uploads\/sites\/2\/2021\/10\/20211028_AGB_34_PREMIO_CIENCIA_TECNOLOGIA14-1-1536x1024.jpg 1536w, https:\/\/tecnologia.ufpr.br\/pipe\/wp-content\/uploads\/sites\/2\/2021\/10\/20211028_AGB_34_PREMIO_CIENCIA_TECNOLOGIA14-1-2048x1365.jpg 2048w, https:\/\/tecnologia.ufpr.br\/pipe\/wp-content\/uploads\/sites\/2\/2021\/10\/20211028_AGB_34_PREMIO_CIENCIA_TECNOLOGIA14-1-160x107.jpg 160w\" sizes=\"(max-width: 1024px) 100vw, 1024px\" \/><figcaption>O vice governador Darci Piana e o o superintendente da Ci\u00eancia, Tecnologia e Ensino Superior, Aldo Bona participam, nesta quinta-feira (28), da entrega do 34 Premio Paranaense de Ciencia e Tecnologia,  no Palacio Iguacu.   Curitiba, 28\/10\/2021 &#8211;  Foto: Geraldo Bubniak\/AEN<\/figcaption><\/figure>\n\n\n\n<p><a href=\"https:\/\/www.linkedin.com\/posts\/andrebmariano_praeamio-ciaeancia-tecnologia-activity-6859820964184653824-MA76\">https:\/\/www.linkedin.com\/posts\/andrebmariano_praeamio-ciaeancia-tecnologia-activity-6859820964184653824-MA76<\/a><\/p>\n","protected":false},"excerpt":{"rendered":"<p>Professor Andr\u00e9 B. Mariano que orienta alunos de mestrado, doutorado e p\u00f3s-doutorado no Programa de P\u00f3s-Gradua\u00e7\u00e3o em Engenharia e Ci\u00eancia dos Materiais (PIPE), foi premiado [&hellip;]<\/p>\n","protected":false},"author":1000,"featured_media":0,"comment_status":"closed","ping_status":"closed","sticky":false,"template":"","format":"standard","meta":{"footnotes":""},"categories":[1],"tags":[],"_links":{"self":[{"href":"https:\/\/tecnologia.ufpr.br\/pipe\/wp-json\/wp\/v2\/posts\/7356"}],"collection":[{"href":"https:\/\/tecnologia.ufpr.br\/pipe\/wp-json\/wp\/v2\/posts"}],"about":[{"href":"https:\/\/tecnologia.ufpr.br\/pipe\/wp-json\/wp\/v2\/types\/post"}],"author":[{"embeddable":true,"href":"https:\/\/tecnologia.ufpr.br\/pipe\/wp-json\/wp\/v2\/users\/1000"}],"replies":[{"embeddable":true,"href":"https:\/\/tecnologia.ufpr.br\/pipe\/wp-json\/wp\/v2\/comments?post=7356"}],"version-history":[{"count":4,"href":"https:\/\/tecnologia.ufpr.br\/pipe\/wp-json\/wp\/v2\/posts\/7356\/revisions"}],"predecessor-version":[{"id":7367,"href":"https:\/\/tecnologia.ufpr.br\/pipe\/wp-json\/wp\/v2\/posts\/7356\/revisions\/7367"}],"wp:attachment":[{"href":"https:\/\/tecnologia.ufpr.br\/pipe\/wp-json\/wp\/v2\/media?parent=7356"}],"wp:term":[{"taxonomy":"category","embeddable":true,"href":"https:\/\/tecnologia.ufpr.br\/pipe\/wp-json\/wp\/v2\/categories?post=7356"},{"taxonomy":"post_tag","embeddable":true,"href":"https:\/\/tecnologia.ufpr.br\/pipe\/wp-json\/wp\/v2\/tags?post=7356"}],"curies":[{"name":"wp","href":"https:\/\/api.w.org\/{rel}","templated":true}]}}