{"id":6818,"date":"2020-03-19T09:47:52","date_gmt":"2020-03-19T12:47:52","guid":{"rendered":"https:\/\/tecnologia.ufpr.br\/pipe\/?p=6818"},"modified":"2020-03-19T09:47:52","modified_gmt":"2020-03-19T12:47:52","slug":"orientacoes-para-procedimentos-na-ufpr-em-face-da-pandemia-do-corona-virus","status":"publish","type":"post","link":"https:\/\/tecnologia.ufpr.br\/pipe\/2020\/03\/19\/orientacoes-para-procedimentos-na-ufpr-em-face-da-pandemia-do-corona-virus\/","title":{"rendered":"ORIENTA\u00c7\u00d5ES PARA PROCEDIMENTOS NA UFPR EM FACE DA PANDEMIA DO CORONA V\u00cdRUS"},"content":{"rendered":"\n<p> A pedido do Pr\u00f3-reitor, Prof. Francisco Mendon\u00e7a, segue documento com\u00a0recomenda\u00e7\u00f5es para o per\u00edodo da pandemia do\u00a0 Coronav\u00edrus (SARS-CoV-2)<\/p>\n\n\n\n<p><a href=\"https:\/\/tecnologia.ufpr.br\/pipe\/wp-content\/uploads\/sites\/2\/2020\/03\/Orienta\u00e7\u00f5es.pdf\">Orienta\u00e7\u00f5es<\/a><\/p>\n","protected":false},"excerpt":{"rendered":"<p>A pedido do Pr\u00f3-reitor, Prof. Francisco Mendon\u00e7a, segue documento com\u00a0recomenda\u00e7\u00f5es para o per\u00edodo da pandemia do\u00a0 Coronav\u00edrus (SARS-CoV-2) Orienta\u00e7\u00f5es<\/p>\n","protected":false},"author":1000,"featured_media":0,"comment_status":"closed","ping_status":"closed","sticky":false,"template":"","format":"standard","meta":{"footnotes":""},"categories":[1],"tags":[],"_links":{"self":[{"href":"https:\/\/tecnologia.ufpr.br\/pipe\/wp-json\/wp\/v2\/posts\/6818"}],"collection":[{"href":"https:\/\/tecnologia.ufpr.br\/pipe\/wp-json\/wp\/v2\/posts"}],"about":[{"href":"https:\/\/tecnologia.ufpr.br\/pipe\/wp-json\/wp\/v2\/types\/post"}],"author":[{"embeddable":true,"href":"https:\/\/tecnologia.ufpr.br\/pipe\/wp-json\/wp\/v2\/users\/1000"}],"replies":[{"embeddable":true,"href":"https:\/\/tecnologia.ufpr.br\/pipe\/wp-json\/wp\/v2\/comments?post=6818"}],"version-history":[{"count":2,"href":"https:\/\/tecnologia.ufpr.br\/pipe\/wp-json\/wp\/v2\/posts\/6818\/revisions"}],"predecessor-version":[{"id":6821,"href":"https:\/\/tecnologia.ufpr.br\/pipe\/wp-json\/wp\/v2\/posts\/6818\/revisions\/6821"}],"wp:attachment":[{"href":"https:\/\/tecnologia.ufpr.br\/pipe\/wp-json\/wp\/v2\/media?parent=6818"}],"wp:term":[{"taxonomy":"category","embeddable":true,"href":"https:\/\/tecnologia.ufpr.br\/pipe\/wp-json\/wp\/v2\/categories?post=6818"},{"taxonomy":"post_tag","embeddable":true,"href":"https:\/\/tecnologia.ufpr.br\/pipe\/wp-json\/wp\/v2\/tags?post=6818"}],"curies":[{"name":"wp","href":"https:\/\/api.w.org\/{rel}","templated":true}]}}