{"id":3973,"date":"2019-09-16T16:07:18","date_gmt":"2019-09-16T19:07:18","guid":{"rendered":"https:\/\/tecnologia.ufpr.br\/pipe\/?p=3973"},"modified":"2019-09-16T16:07:18","modified_gmt":"2019-09-16T19:07:18","slug":"convite-para-a-palestra-do-prof-orlando-rojas-aalto-university-finland","status":"publish","type":"post","link":"https:\/\/tecnologia.ufpr.br\/pipe\/2019\/09\/16\/convite-para-a-palestra-do-prof-orlando-rojas-aalto-university-finland\/","title":{"rendered":"Convite para a palestra do  Prof. Orlando Rojas (Aalto University, Finland)"},"content":{"rendered":"\n<p>\n\nPrezado(a)(s),<\/p>\n\n\n\n<p><em>O professor Orlando Rojas, da Universidade de Aalto, na Finl\u00e2ndia, estar\u00e1 na Universidade Federal do Paran\u00e1 no dia 19 de setembro. O docente apresentar\u00e1 a palestra&nbsp;<strong>\u201cAssembly of nano-polysaccharides and plant polyaromatics at interfaces\u201d<\/strong>,&nbsp;<strong>\u00e0s 15h30, no Audit\u00f3rio do CIFLOMA \u2013 Campus Bot\u00e2nico.<\/strong><br><br>O pesquisador, que integra o Departamento de Bioprodutos e Biossistemas, da Escola de Engenharia Qu\u00edmica, abordar\u00e1 as part\u00edculas derivadas de ligninas e \u00e1cidos t\u00e2nicos como respostas renov\u00e1veis e sustent\u00e1veis a algumas demandas da futura bioconomia..<br><br>Rojas tamb\u00e9m \u00e9 presidente da Plataforma de Materiais da Universidade de Aalto e recebeu o pr\u00eamio Anselme Payen 2018, considerado maior reconhecimento na \u00e1rea de celulose e materiais renov\u00e1veis, entre outras l\u00e1ureas. Al\u00e9m disso, publicou mais de 350 artigos relacionados \u00e0 pesquisa principal de seu grupo \u201cCol\u00f3ides e materiais de base biol\u00f3gica\u201d.<\/em><br>Link:&nbsp;<a href=\"https:\/\/www.ufpr.brufpr\/eventos\/professor-de-universidade-da-finlandia-ministra-palestra-no-cifloma-19-de-setembro\/\" target=\"_blank\" rel=\"noreferrer noopener\">https:\/\/www.ufpr.brufpr\/eventos\/professor-de-universidade-da-finlandia-ministra-palestra-no-cifloma-19-de-setembro\/<\/a><\/p>\n","protected":false},"excerpt":{"rendered":"<p>Prezado(a)(s), O professor Orlando Rojas, da Universidade de Aalto, na Finl\u00e2ndia, estar\u00e1 na Universidade Federal do Paran\u00e1 no dia 19 de setembro. O docente apresentar\u00e1 [&hellip;]<\/p>\n","protected":false},"author":1000,"featured_media":0,"comment_status":"closed","ping_status":"closed","sticky":false,"template":"","format":"standard","meta":{"footnotes":""},"categories":[1],"tags":[],"_links":{"self":[{"href":"https:\/\/tecnologia.ufpr.br\/pipe\/wp-json\/wp\/v2\/posts\/3973"}],"collection":[{"href":"https:\/\/tecnologia.ufpr.br\/pipe\/wp-json\/wp\/v2\/posts"}],"about":[{"href":"https:\/\/tecnologia.ufpr.br\/pipe\/wp-json\/wp\/v2\/types\/post"}],"author":[{"embeddable":true,"href":"https:\/\/tecnologia.ufpr.br\/pipe\/wp-json\/wp\/v2\/users\/1000"}],"replies":[{"embeddable":true,"href":"https:\/\/tecnologia.ufpr.br\/pipe\/wp-json\/wp\/v2\/comments?post=3973"}],"version-history":[{"count":2,"href":"https:\/\/tecnologia.ufpr.br\/pipe\/wp-json\/wp\/v2\/posts\/3973\/revisions"}],"predecessor-version":[{"id":3979,"href":"https:\/\/tecnologia.ufpr.br\/pipe\/wp-json\/wp\/v2\/posts\/3973\/revisions\/3979"}],"wp:attachment":[{"href":"https:\/\/tecnologia.ufpr.br\/pipe\/wp-json\/wp\/v2\/media?parent=3973"}],"wp:term":[{"taxonomy":"category","embeddable":true,"href":"https:\/\/tecnologia.ufpr.br\/pipe\/wp-json\/wp\/v2\/categories?post=3973"},{"taxonomy":"post_tag","embeddable":true,"href":"https:\/\/tecnologia.ufpr.br\/pipe\/wp-json\/wp\/v2\/tags?post=3973"}],"curies":[{"name":"wp","href":"https:\/\/api.w.org\/{rel}","templated":true}]}}