{"id":3124,"date":"2019-07-22T09:14:31","date_gmt":"2019-07-22T12:14:31","guid":{"rendered":"https:\/\/tecnologia.ufpr.br\/pipe\/?p=3124"},"modified":"2019-07-23T14:42:25","modified_gmt":"2019-07-23T17:42:25","slug":"comeca-hoje-22-07-as-matriculas-para-o-segundo-semestre-2019","status":"publish","type":"post","link":"https:\/\/tecnologia.ufpr.br\/pipe\/2019\/07\/22\/comeca-hoje-22-07-as-matriculas-para-o-segundo-semestre-2019\/","title":{"rendered":"COME\u00c7A HOJE 22\/07 AS MATR\u00cdCULAS PARA AS DISCIPLINAS DO SEGUNDO SEMESTRE\/2019"},"content":{"rendered":"\n<p>Prezados alunos,  j\u00e1 est\u00e3o abertas as inscri\u00e7\u00f5es para  as disciplinas do  segundo semestre\/2019. Prazo das inscri\u00e7\u00f5es 22\/07 \u00e0 02\/08\/2019. <\/p>\n\n\n\n<p>Discentes externos devem enviar e-mail para pipe@ufpr.br, solicitando matr\u00edcula (a depender da disponibilidade de vagas)<\/p>\n","protected":false},"excerpt":{"rendered":"<p>Prezados alunos, j\u00e1 est\u00e3o abertas as inscri\u00e7\u00f5es para as disciplinas do segundo semestre\/2019. Prazo das inscri\u00e7\u00f5es 22\/07 \u00e0 02\/08\/2019. Discentes externos devem enviar e-mail para [&hellip;]<\/p>\n","protected":false},"author":1000,"featured_media":0,"comment_status":"closed","ping_status":"closed","sticky":false,"template":"","format":"standard","meta":{"footnotes":""},"categories":[1],"tags":[],"_links":{"self":[{"href":"https:\/\/tecnologia.ufpr.br\/pipe\/wp-json\/wp\/v2\/posts\/3124"}],"collection":[{"href":"https:\/\/tecnologia.ufpr.br\/pipe\/wp-json\/wp\/v2\/posts"}],"about":[{"href":"https:\/\/tecnologia.ufpr.br\/pipe\/wp-json\/wp\/v2\/types\/post"}],"author":[{"embeddable":true,"href":"https:\/\/tecnologia.ufpr.br\/pipe\/wp-json\/wp\/v2\/users\/1000"}],"replies":[{"embeddable":true,"href":"https:\/\/tecnologia.ufpr.br\/pipe\/wp-json\/wp\/v2\/comments?post=3124"}],"version-history":[{"count":7,"href":"https:\/\/tecnologia.ufpr.br\/pipe\/wp-json\/wp\/v2\/posts\/3124\/revisions"}],"predecessor-version":[{"id":3160,"href":"https:\/\/tecnologia.ufpr.br\/pipe\/wp-json\/wp\/v2\/posts\/3124\/revisions\/3160"}],"wp:attachment":[{"href":"https:\/\/tecnologia.ufpr.br\/pipe\/wp-json\/wp\/v2\/media?parent=3124"}],"wp:term":[{"taxonomy":"category","embeddable":true,"href":"https:\/\/tecnologia.ufpr.br\/pipe\/wp-json\/wp\/v2\/categories?post=3124"},{"taxonomy":"post_tag","embeddable":true,"href":"https:\/\/tecnologia.ufpr.br\/pipe\/wp-json\/wp\/v2\/tags?post=3124"}],"curies":[{"name":"wp","href":"https:\/\/api.w.org\/{rel}","templated":true}]}}