{"id":2337,"date":"2018-05-28T17:34:58","date_gmt":"2018-05-28T20:34:58","guid":{"rendered":"https:\/\/tecnologia.ufpr.br\/pipe\/?p=2337"},"modified":"2018-05-28T17:34:58","modified_gmt":"2018-05-28T20:34:58","slug":"ufpr-suspende-atividades-academicas-ate-quarta-feira-30","status":"publish","type":"post","link":"https:\/\/tecnologia.ufpr.br\/pipe\/2018\/05\/28\/ufpr-suspende-atividades-academicas-ate-quarta-feira-30\/","title":{"rendered":"UFPR suspende atividades acad\u00eamicas at\u00e9 quarta-feira (30)"},"content":{"rendered":"<p>Prezados discentes e docentes do PIPE,<\/p>\n<p>As atividades acad\u00eamicas na Universidade Federal do Paran\u00e1 est\u00e3o suspensas a partir desta segunda-feira (28) at\u00e9 a pr\u00f3xima quarta-feira (30). A decis\u00e3o foi tomada nesta manh\u00e3, em reuni\u00e3o convocada pela Reitoria com a participa\u00e7\u00e3o das Dire\u00e7\u00f5es Setoriais.<\/p>\n<p>A publica\u00e7\u00e3o pode ser acessada atrav\u00e9s do link\u00a0http:\/\/www.ufpr.brufpr\/noticias\/ufpr-suspende-atividades-academicas-ate-quarta-feira-30\/<\/p>\n<p>Coordena\u00e7\u00e3o do PIPE.<\/p>\n","protected":false},"excerpt":{"rendered":"<p>Prezados discentes e docentes do PIPE, As atividades acad\u00eamicas na Universidade Federal do Paran\u00e1 est\u00e3o suspensas a partir desta segunda-feira (28) at\u00e9 a pr\u00f3xima quarta-feira [&hellip;]<\/p>\n","protected":false},"author":1000,"featured_media":0,"comment_status":"closed","ping_status":"closed","sticky":false,"template":"","format":"standard","meta":{"footnotes":""},"categories":[1],"tags":[],"_links":{"self":[{"href":"https:\/\/tecnologia.ufpr.br\/pipe\/wp-json\/wp\/v2\/posts\/2337"}],"collection":[{"href":"https:\/\/tecnologia.ufpr.br\/pipe\/wp-json\/wp\/v2\/posts"}],"about":[{"href":"https:\/\/tecnologia.ufpr.br\/pipe\/wp-json\/wp\/v2\/types\/post"}],"author":[{"embeddable":true,"href":"https:\/\/tecnologia.ufpr.br\/pipe\/wp-json\/wp\/v2\/users\/1000"}],"replies":[{"embeddable":true,"href":"https:\/\/tecnologia.ufpr.br\/pipe\/wp-json\/wp\/v2\/comments?post=2337"}],"version-history":[{"count":1,"href":"https:\/\/tecnologia.ufpr.br\/pipe\/wp-json\/wp\/v2\/posts\/2337\/revisions"}],"predecessor-version":[{"id":2338,"href":"https:\/\/tecnologia.ufpr.br\/pipe\/wp-json\/wp\/v2\/posts\/2337\/revisions\/2338"}],"wp:attachment":[{"href":"https:\/\/tecnologia.ufpr.br\/pipe\/wp-json\/wp\/v2\/media?parent=2337"}],"wp:term":[{"taxonomy":"category","embeddable":true,"href":"https:\/\/tecnologia.ufpr.br\/pipe\/wp-json\/wp\/v2\/categories?post=2337"},{"taxonomy":"post_tag","embeddable":true,"href":"https:\/\/tecnologia.ufpr.br\/pipe\/wp-json\/wp\/v2\/tags?post=2337"}],"curies":[{"name":"wp","href":"https:\/\/api.w.org\/{rel}","templated":true}]}}