{"id":125,"date":"2018-12-14T15:33:09","date_gmt":"2018-12-14T15:33:09","guid":{"rendered":"https:\/\/tecnologia.ufpr.br\/delt\/?p=125"},"modified":"2018-12-19T13:26:41","modified_gmt":"2018-12-19T13:26:41","slug":"doutorado-em-engenharia-eletrica-da-ufpr-tem-primeira-tese-defendida","status":"publish","type":"post","link":"https:\/\/tecnologia.ufpr.br\/delt\/2018\/12\/14\/doutorado-em-engenharia-eletrica-da-ufpr-tem-primeira-tese-defendida\/","title":{"rendered":"Doutorado em Engenharia El\u00e9trica da UFPR Tem Primeira Tese Defendida"},"content":{"rendered":"<p><iframe loading=\"lazy\" title=\"Informa | Primeira tese da Engenharia El\u00e9trica\" width=\"480\" height=\"270\" src=\"https:\/\/www.youtube.com\/embed\/9y6INM_whLg?feature=oembed\" frameborder=\"0\" allow=\"accelerometer; autoplay; clipboard-write; encrypted-media; gyroscope; picture-in-picture; web-share\" referrerpolicy=\"strict-origin-when-cross-origin\" allowfullscreen><\/iframe><\/p>\n<p><span style=\"font-family: Liberation Sans, sans-serif\"><a href=\"http:\/\/www.ufpr.brufpr\/noticias\/doutorado-em-engenharia-eletrica-tem-primeira-tese-defendida\/\">Primeira tese do doutorado<\/a> em Engenharia El\u00e9trica da UFPR abordou a seguran\u00e7a das informa\u00e7\u00f5es nas redes sem fio. Foto: Nicolle Schumacher\/Sucom-UFPR.<\/span><\/p>\n","protected":false},"excerpt":{"rendered":"<p>Primeira tese do doutorado em Engenharia El\u00e9trica da UFPR abordou a seguran\u00e7a das informa\u00e7\u00f5es nas redes sem fio. Foto: Nicolle Schumacher\/Sucom-UFPR.<\/p>\n","protected":false},"author":1061,"featured_media":205,"comment_status":"open","ping_status":"open","sticky":false,"template":"","format":"standard","meta":{"footnotes":""},"categories":[1],"tags":[],"_links":{"self":[{"href":"https:\/\/tecnologia.ufpr.br\/delt\/wp-json\/wp\/v2\/posts\/125"}],"collection":[{"href":"https:\/\/tecnologia.ufpr.br\/delt\/wp-json\/wp\/v2\/posts"}],"about":[{"href":"https:\/\/tecnologia.ufpr.br\/delt\/wp-json\/wp\/v2\/types\/post"}],"author":[{"embeddable":true,"href":"https:\/\/tecnologia.ufpr.br\/delt\/wp-json\/wp\/v2\/users\/1061"}],"replies":[{"embeddable":true,"href":"https:\/\/tecnologia.ufpr.br\/delt\/wp-json\/wp\/v2\/comments?post=125"}],"version-history":[{"count":3,"href":"https:\/\/tecnologia.ufpr.br\/delt\/wp-json\/wp\/v2\/posts\/125\/revisions"}],"predecessor-version":[{"id":202,"href":"https:\/\/tecnologia.ufpr.br\/delt\/wp-json\/wp\/v2\/posts\/125\/revisions\/202"}],"wp:featuredmedia":[{"embeddable":true,"href":"https:\/\/tecnologia.ufpr.br\/delt\/wp-json\/wp\/v2\/media\/205"}],"wp:attachment":[{"href":"https:\/\/tecnologia.ufpr.br\/delt\/wp-json\/wp\/v2\/media?parent=125"}],"wp:term":[{"taxonomy":"category","embeddable":true,"href":"https:\/\/tecnologia.ufpr.br\/delt\/wp-json\/wp\/v2\/categories?post=125"},{"taxonomy":"post_tag","embeddable":true,"href":"https:\/\/tecnologia.ufpr.br\/delt\/wp-json\/wp\/v2\/tags?post=125"}],"curies":[{"name":"wp","href":"https:\/\/api.w.org\/{rel}","templated":true}]}}