{"id":890,"date":"2024-07-18T20:59:16","date_gmt":"2024-07-18T23:59:16","guid":{"rendered":"https:\/\/tecnologia.ufpr.br\/ceppur\/?p=890"},"modified":"2024-07-18T20:59:16","modified_gmt":"2024-07-18T23:59:16","slug":"edital-03-2024-bolsas-de-iniciacao-cientifica-e-tecnologica","status":"publish","type":"post","link":"https:\/\/tecnologia.ufpr.br\/ceppur\/2024\/07\/18\/edital-03-2024-bolsas-de-iniciacao-cientifica-e-tecnologica\/","title":{"rendered":"Edital 03-2024 &#8211; Bolsas de Inicia\u00e7\u00e3o Cient\u00edfica e Tecnol\u00f3gica"},"content":{"rendered":"\n<p><em>Aberto processo seletivo do CEPPUR-UFPR para vagas de Inicia\u00e7\u00e3o Cient\u00edfica (PIBIC) e Inicia\u00e7\u00e3o Tecnol\u00f3gica (PIBITI). Inscri\u00e7\u00f5es at\u00e9 26\/07\/24.<\/em><\/p>\n\n\n\n<p id=\"block-0d4afce4-cccf-400a-911e-9ac856fbea21\">O Centro de Estudos em Planejamento e Pol\u00edticas Urbanas da Universidade Federal do Paran\u00e1 (CEPPUR-UFPR) abre processo seletivo para vagas de Inicia\u00e7\u00e3o Cient\u00edfica (PIBIC) e Inicia\u00e7\u00e3o Tecnol\u00f3gica (PIBITI) para estudantes de gradua\u00e7\u00e3o dos cursos de Ci\u00eancia da Computa\u00e7\u00e3o, Engenharia (Civil, Cartogr\u00e1fica ou Ambiental), Geografia, Direito, Arquitetura e Urbanismo e \u00e1reas afins para os projetos:<br><strong>(i) Planejamento e Assessoria em Contexto de Conflito: insumos para pol\u00edticas p\u00fablicas territoriais<\/strong><br><strong>(ii) Planejamento e Conflitos Urbanos: assessoria popular, produ\u00e7\u00e3o do espa\u00e7o e pol\u00edtica urbana<br>(iii) Planejamento Territorial, Quest\u00e3o Fundi\u00e1ria e Agroecologia<\/strong>.<\/p>\n\n\n\n<h2 class=\"wp-block-heading\" id=\"block-20f6ea6a-4a57-4cda-85c4-2d09ae388284\">Projetos<\/h2>\n\n\n\n<h4 class=\"wp-block-heading\" id=\"block-5c69273f-6e12-45f8-8893-f50a110bc602\"><strong><strong>Planejamento e Assessoria em Contexto de Conflito: insumos para pol\u00edticas p\u00fablicas territoriais<\/strong><\/strong><\/h4>\n\n\n\n<figure class=\"wp-block-image\"><img loading=\"lazy\" decoding=\"async\" width=\"960\" height=\"720\" src=\"https:\/\/tecnologia.ufpr.br\/ceppur\/wp-content\/uploads\/sites\/43\/2021\/04\/Implantacao.jpg\" alt=\"\" class=\"wp-image-431\" srcset=\"https:\/\/tecnologia.ufpr.br\/ceppur\/wp-content\/uploads\/sites\/43\/2021\/04\/Implantacao.jpg 960w, https:\/\/tecnologia.ufpr.br\/ceppur\/wp-content\/uploads\/sites\/43\/2021\/04\/Implantacao-300x225.jpg 300w, https:\/\/tecnologia.ufpr.br\/ceppur\/wp-content\/uploads\/sites\/43\/2021\/04\/Implantacao-768x576.jpg 768w\" sizes=\"(max-width: 960px) 100vw, 960px\" \/><\/figure>\n\n\n\n<p>Conflitos territoriais em processos de despossess\u00e3o, desterritorializa\u00e7\u00e3o, reivindica\u00e7\u00e3o de direitos e outras mobiliza\u00e7\u00f5es relacionadas \u00e0 produ\u00e7\u00e3o da cidade e do territ\u00f3rio s\u00e3o um grande desafio para a sociedade brasileira e, tamb\u00e9m, fonte importante de inova\u00e7\u00f5es e pol\u00edticas p\u00fablicas de garantia dos direitos \u00e0s cidades sustent\u00e1veis, \u00e0 terra, ao trabalho, \u00e0 moradia, \u00e0 cultura e ao ambiente saud\u00e1vel. Desde os anos 1970, experi\u00eancias nacionais e internacionais de assessoria t\u00e9cnica e de planejamento popular acionadas como repert\u00f3rio de a\u00e7\u00e3o pol\u00edtica em conflitos territoriais t\u00eam gerado espa\u00e7os de interpela\u00e7\u00e3o das formas tradicionais de se planejar o territ\u00f3rio. Tais iniciativas contestam, informam e\/ou s\u00e3o incorporadas em pol\u00edticas p\u00fablicas, a partir de processos urbanos contradit\u00f3rios, redundando em legisla\u00e7\u00f5es, programas e projetos que reagem ou se apropriam dos conhecimentos e saberes que formulam. A diversidade dos contextos de conflito, dos sujeitos envolvidos, das pr\u00e1ticas, metodologias e resultados de assessoria e planejamento j\u00e1 \u00e9 objeto de pesquisas desenvolvidas pelo CEPPUR em conjunto com redes e grupos de pesquisa nacionais e internacionais. Visando consolidar esse trabalho, a partir dos desafios e insumos que este repert\u00f3rio pr\u00e1tico traz para o Estado em suas m\u00faltiplas esferas e escalas, o objetivo geral deste projeto \u00e9 investigar experi\u00eancias de planejamento e assessoria popular em contexto de conflitos que enunciem possibilidades de alargamento do campo do planejamento territorial e da forma\u00e7\u00e3o de agenda, da formula\u00e7\u00e3o e da implanta\u00e7\u00e3o (em uma perspectiva descentralizada) de pol\u00edticas p\u00fablicas que se relacionem com a redu\u00e7\u00e3o das desigualdades e promo\u00e7\u00e3o da justi\u00e7a socioambiental. O trabalho ser\u00e1 desenvolvido em duas etapas: levantamento de experi\u00eancias nacionais e internacionais de planejamento e assessoria popular; e estudos multicaso com an\u00e1lise dos repert\u00f3rios, sujeitos, temporalidades, territorialidades e incid\u00eancias em pol\u00edticas p\u00fablicas.<\/p>\n\n\n\n<p id=\"block-e00e6637-87d3-4f85-b4f3-960b242cf985\"><strong>PIBIC: 1 vaga<\/strong><br>Plano de Trabalho: Pol\u00edticas p\u00fablicas territoriais e experi\u00eancias de planejamento e assessoria em contexto de conflito.<br>Requisitos: Estudante de Engenharia Civil, Geografia e Arquitetura e Urbanismo.<br>Orientador:\u00a0<a href=\"https:\/\/tecnologia.ufpr.br\/ceppur\/jrvfaria\/\" target=\"_blank\" rel=\"noreferrer noopener\">Prof. Jos\u00e9 Ricardo Vargas de Faria<\/a><\/p>\n\n\n\n<h4 class=\"wp-block-heading\" id=\"block-eb4f4b75-2635-41f2-91e7-bae871c226e3\"><strong><strong>Planejamento e Conflitos Urbanos: assessoria popular, produ\u00e7\u00e3o do espa\u00e7o e pol\u00edtica urbana<\/strong><\/strong><\/h4>\n\n\n\n<figure class=\"wp-block-image\"><img decoding=\"async\" src=\"https:\/\/tecnologia.ufpr.br\/ceppur\/wp-content\/uploads\/sites\/43\/2021\/06\/1556648579-simone-polli-capa.jpg\" alt=\"O atributo alt desta imagem est\u00e1 vazio. O nome do arquivo \u00e9 1556648579-simone-polli-capa.jpg\" \/><\/figure>\n\n\n\n<p id=\"block-54e47e67-ffbd-45f6-a317-5862f020e9a2\">Integrante da Rede de Observat\u00f3rios de Conflitos Urbanos, o projeto tem como objetivo registrar, sistematizar, classificar e prover informa\u00e7\u00f5es sobre as m\u00faltiplas e diversas manifesta\u00e7\u00f5es da conflitualidade na cidade, por meio de sistema de informa\u00e7\u00f5es geogr\u00e1ficas. Al\u00e9m de identificar os conflitos, visa compreender quais s\u00e3o seus desdobramentos e as transforma\u00e7\u00f5es que produzem na cidade e na pol\u00edtica urbana. Tamb\u00e9m envolve a an\u00e1lise e acompanhamento de a\u00e7\u00f5es de planejamento urbano em contexto de conflito social. Veja&nbsp;<a href=\"https:\/\/tecnologia.ufpr.br\/ceppur\/pesquisa\/conflitoscuritiba\/\">aqui&nbsp;<\/a>mais informa\u00e7\u00f5es sobre o projeto.<\/p>\n\n\n\n<p><strong>PIBITI: 1 vaga<\/strong><br>Plano de Trabalho: Rastreamento autom\u00e1tico (<em>data crawling<\/em>) de not\u00edcias para obten\u00e7\u00e3o de dados de protestos e mapeamento e an\u00e1lise de conflitos urbanos em Curitiba e aglomerado metropolitano.<br>Requisitos: Estudante de Ci\u00eancia da Computa\u00e7\u00e3o, Engenharia Civil, Engenharia Cartogr\u00e1fica preferencialmente com conhecimento em IA e SIG.<br>Orientador:\u00a0<a href=\"https:\/\/tecnologia.ufpr.br\/ceppur\/jrvfaria\/\" target=\"_blank\" rel=\"noreferrer noopener\">Prof. Jos\u00e9 Ricardo Vargas de Faria<\/a><\/p>\n\n\n\n<h4 class=\"wp-block-heading\" id=\"block-2d45268b-3b0a-41db-8a08-e7b8a949ee48\"><strong>Planejamento Territorial, Quest\u00e3o Fundi\u00e1ria e Agroecologia<\/strong><\/h4>\n\n\n\n<figure class=\"wp-block-image\"><img decoding=\"async\" src=\"https:\/\/tecnologia.ufpr.br\/ceppur\/wp-content\/uploads\/sites\/43\/2021\/06\/regulariza-1024x1024.jpeg\" alt=\"O atributo alt desta imagem est\u00e1 vazio. O nome do arquivo \u00e9 regulariza-1024x1024.jpeg\" \/><\/figure>\n\n\n\n<p id=\"block-630c8d11-974d-4f69-97e0-578d9d7eae9a\">As novas flexibiliza\u00e7\u00f5es do sistemas de titula\u00e7\u00e3o, transmiss\u00e3o, parcelamento, uso, ocupa\u00e7\u00e3o e aproveitamento da terra no Brasil promovem altera\u00e7\u00f5es no territ\u00f3rio, na organiza\u00e7\u00e3o social da popula\u00e7\u00e3o e na resposta do Estado, no que diz respeito \u00e0s pol\u00edticas p\u00fablicas, servi\u00e7os, obras e or\u00e7amento. Ainda que o an\u00fancio de mudan\u00e7as j\u00e1 tivesse sido indicado em legisla\u00e7\u00f5es anteriores, a concep\u00e7\u00e3o e os institutos jur\u00eddicos presentes na Lei Federal n\u00ba 13.465 de 11 de julho de 2017 promovem altera\u00e7\u00f5es substanciais no Direito e na Cartografia, que repercutem em outros fundamentos para a compreens\u00e3o sobre os espa\u00e7os urbano, rural e ambiental. A pesquisa tem por objetivo compreender tais mudan\u00e7as a partir da leitura de demandas judiciais de regulariza\u00e7\u00e3o fundi\u00e1ria, que entre os anos 2009 e 2017 foram propostas no Estado do Paran\u00e1 considerando como tais a\u00e7\u00f5es podem ser compreendidas antes e depois da nova Lei, dadas as consequ\u00eancias gerais suportadas pelos diversos agentes atingidos, sendo estas em benef\u00edcio ou em preju\u00edzo de direitos individuais, coletivos e difusos. O Plano de Trabalho se articula ao projeto PLANEJAMENTO TERRITORIAL, QUEST\u00c3O FUNDI\u00c1RIA E AGROECOLOGIA, que objetiva realizar estudos interdisciplinares de planejamento territorial, fundi\u00e1rio e de agroecologia em experi\u00eancias comunit\u00e1rias de organiza\u00e7\u00e3o coletiva da\/na terra. O projeto pretende identificar oferecer elementos da realidade e dos conflitos por terra e territ\u00f3rio existentes no campo paranaense, onde camponeses, povos e comunidades tradicionais e trabalhadores rurais s\u00e3o expostos a desigualdades sociais e a processos de expuls\u00e3o, expropria\u00e7\u00e3o e despossess\u00e3o cont\u00ednuos, desassistidos de direitos fundamentais e sociais. Para as atividades s\u00e3o realizados: a) Estudos de planejamento territorial, seus usos e as rela\u00e7\u00f5es estabelecidas no espa\u00e7o; b) Estudo sobre os conflitos fundi\u00e1rios com identifica\u00e7\u00e3o das causas da concentra\u00e7\u00e3o fundi\u00e1ria, das pol\u00edticas p\u00fablicas e de efetiva\u00e7\u00e3o de direitos e de justi\u00e7a territorial; c) Estudo de experi\u00eancias agroecol\u00f3gicas, socioambientais, de produ\u00e7\u00e3o de alimentos e de sociabilidade marcadas por v\u00ednculos de solidariedade e respeito \u00e0 natureza.<\/p>\n\n\n\n<p id=\"block-f6547bf2-bccc-4806-8859-41f618573993\"><strong>PIBIC: 1 vaga<\/strong><br>Plano de Trabalho: Regulariza\u00e7\u00e3o Fundi\u00e1ria: conflitos fundi\u00e1rios urbanos.<br>Requisitos: Estudante de Engenharia Cartogr\u00e1fica, Direito, Geografia, Arquitetura e Urbanismo e Geologia.<br>Orientadora:\u00a0<a href=\"https:\/\/tecnologia.ufpr.br\/ceppur\/daniele-regina-pontes\/\" target=\"_blank\" rel=\"noreferrer noopener\">Profa. Daniele Pontes<\/a><\/p>\n\n\n\n<h3 class=\"wp-block-heading\" id=\"block-a558f537-7902-443b-bb5d-468bce23c1f2\">Inscri\u00e7\u00f5es<\/h3>\n\n\n\n<p id=\"block-30dc94c2-219f-42c8-b87a-6579e853ad70\">As (Os) estudantes devem preencher o\u00a0<a href=\"https:\/\/forms.gle\/rDbnTpfRcKbiZhoZ8\" target=\"_blank\" rel=\"noreferrer noopener\">formul\u00e1rio<\/a>\u00a0at\u00e9 o dia\u00a0<strong>26 de julho de 2024<\/strong>, justificando o interesse no projeto de pesquisa e anexando c\u00f3pia do comprovante de matr\u00edcula e do hist\u00f3rico escolar. A entrevista ser\u00e1 realizada no dia\u00a0<strong>29 de julho de 2024<\/strong>\u00a0a partir das 14h00. A (O) bolsista selecionada (o) deve possuir conta corrente no Banco do Brasil e dispor de 20 horas semanais para participa\u00e7\u00e3o no projeto. N\u00e3o \u00e9 permitido \u201cacumular a bolsa, exceto com as de car\u00e1ter assistencial, com quaisquer bolsas de ag\u00eancias nacionais, estrangeiras ou internacionais de fomento ao ensino e \u00e0 pesquisa ou cong\u00eaneres\u201d.<\/p>\n\n\n\n<h3 class=\"wp-block-heading\" id=\"block-08fb0a69-e09a-4eeb-a007-5b10aac9e36b\">Crit\u00e9rios de sele\u00e7\u00e3o<\/h3>\n\n\n\n<p>O CEPPUR reafirma seu compromisso com o enfrentamento das desigualdades socioecon\u00f4micas, de forma que este edital incentiva e d\u00e1 prefer\u00eancia \u00e0 candidatura de pessoas negras, ind\u00edgenas, quilombolas, LGBTQIA+, pessoas com defici\u00eancia (PCD), origin\u00e1rias de comunidades tradicionais, mulheres e\/ou benefici\u00e1rias de pol\u00edticas afirmativas (cotas, bolsa PROBEM, etc.).<\/p>\n\n\n\n<p>Ser\u00e1 realizada uma entrevista individual com cada estudante, na qual ser\u00e3o considerados, sem hierarquia entre os crit\u00e9rios:<\/p>\n\n\n\n<p>O tempo dispon\u00edvel para se dedicar ao projeto;<br>Interesse, experi\u00eancia e produ\u00e7\u00f5es nos temas abordados;<br>A autodeclara\u00e7\u00e3o, quando for o caso, de pessoas negras, ind\u00edgenas, quilombolas, LGBTQIA+, pessoas com defici\u00eancia (PCD), origin\u00e1rias de comunidades tradicionais, mulheres e\/ou benefici\u00e1rias de pol\u00edticas afirmativas (cotas, bolsa PROBEM, etc.).<\/p>\n\n\n\n<h3 class=\"wp-block-heading\" id=\"block-de60510b-3c6a-4523-b8d1-8afcc3d75255\">Bolsas<\/h3>\n\n\n\n<p id=\"block-4c4a8ef2-084b-4ba7-a1e4-24129b2e99cf\">O valor das bolsas \u00e9 de R$700,00 e a agencia de fomento ser\u00e1 definida pela classifica\u00e7\u00e3o dos projetos nos editais pr\u00f3prios da UFPR. A distribui\u00e7\u00e3o das bolsas ser\u00e1 realizada de acordo com a ordem de classifica\u00e7\u00e3o dos estudantes no processo seletivo.<\/p>\n","protected":false},"excerpt":{"rendered":"<p>Aberto processo seletivo do CEPPUR-UFPR para vagas de Inicia\u00e7\u00e3o Cient\u00edfica (PIBIC) e Inicia\u00e7\u00e3o Tecnol\u00f3gica (PIBITI). Inscri\u00e7\u00f5es at\u00e9 26\/07\/24. O Centro de Estudos em Planejamento e Pol\u00edticas Urbanas da Universidade Federal do Paran\u00e1 (CEPPUR-UFPR) abre processo seletivo para vagas de Inicia\u00e7\u00e3o&#8230;<br \/><a class=\"read-more-button\" href=\"https:\/\/tecnologia.ufpr.br\/ceppur\/2024\/07\/18\/edital-03-2024-bolsas-de-iniciacao-cientifica-e-tecnologica\/\">Read more<\/a><\/p>\n","protected":false},"author":1071,"featured_media":0,"comment_status":"open","ping_status":"open","sticky":false,"template":"","format":"standard","meta":{"footnotes":""},"categories":[1],"tags":[],"_links":{"self":[{"href":"https:\/\/tecnologia.ufpr.br\/ceppur\/wp-json\/wp\/v2\/posts\/890"}],"collection":[{"href":"https:\/\/tecnologia.ufpr.br\/ceppur\/wp-json\/wp\/v2\/posts"}],"about":[{"href":"https:\/\/tecnologia.ufpr.br\/ceppur\/wp-json\/wp\/v2\/types\/post"}],"author":[{"embeddable":true,"href":"https:\/\/tecnologia.ufpr.br\/ceppur\/wp-json\/wp\/v2\/users\/1071"}],"replies":[{"embeddable":true,"href":"https:\/\/tecnologia.ufpr.br\/ceppur\/wp-json\/wp\/v2\/comments?post=890"}],"version-history":[{"count":1,"href":"https:\/\/tecnologia.ufpr.br\/ceppur\/wp-json\/wp\/v2\/posts\/890\/revisions"}],"predecessor-version":[{"id":891,"href":"https:\/\/tecnologia.ufpr.br\/ceppur\/wp-json\/wp\/v2\/posts\/890\/revisions\/891"}],"wp:attachment":[{"href":"https:\/\/tecnologia.ufpr.br\/ceppur\/wp-json\/wp\/v2\/media?parent=890"}],"wp:term":[{"taxonomy":"category","embeddable":true,"href":"https:\/\/tecnologia.ufpr.br\/ceppur\/wp-json\/wp\/v2\/categories?post=890"},{"taxonomy":"post_tag","embeddable":true,"href":"https:\/\/tecnologia.ufpr.br\/ceppur\/wp-json\/wp\/v2\/tags?post=890"}],"curies":[{"name":"wp","href":"https:\/\/api.w.org\/{rel}","templated":true}]}}