{"id":870,"date":"2024-05-16T17:39:03","date_gmt":"2024-05-16T20:39:03","guid":{"rendered":"https:\/\/tecnologia.ufpr.br\/ceppur\/?p=870"},"modified":"2024-05-16T17:43:34","modified_gmt":"2024-05-16T20:43:34","slug":"projeto-ted-incra-ufpr-quilombos-2023-selecao-de-bolsistas-da-graduacao-e-da-pos-graduacao","status":"publish","type":"post","link":"https:\/\/tecnologia.ufpr.br\/ceppur\/2024\/05\/16\/projeto-ted-incra-ufpr-quilombos-2023-selecao-de-bolsistas-da-graduacao-e-da-pos-graduacao\/","title":{"rendered":"PROJETO TED INCRA UFPR QUILOMBOS 2023 &#8211; Sele\u00e7\u00e3o de bolsistas da Gradua\u00e7\u00e3o e da P\u00f3s-Gradua\u00e7\u00e3o"},"content":{"rendered":"\n<p>O Coletivo de Planejamento Territorial e Assessoria Popular (PLANTEAR) da Universidade Federal do Paran\u00e1 (UFPR) torna p\u00fablico o edital de inscri\u00e7\u00f5es para o processo seletivo de bolsistas, no \u00e2mbito do TED INCRA UFPR QUILOMBOS 2023. As vagas ser\u00e3o direcionadas \u00e0s \u00e1reas priorit\u00e1rias desse edital, devendo a pessoa interessada estar matriculada ou formada em arquitetura e urbanismo, geografia, engenharia florestal, engenharia ambiental ou agronomia.<\/p>\n\n\n\n<p><\/p>\n\n\n\n<h2 class=\"wp-block-heading\"><strong>Atribui\u00e7\u00f5es<\/strong><\/h2>\n\n\n\n<p><\/p>\n\n\n\n<p>a) Participar na elabora\u00e7\u00e3o de documentos de apoio a Relat\u00f3rios T\u00e9cnicos de Identifica\u00e7\u00e3o e Delimita\u00e7\u00e3o (RTID) dos territ\u00f3rios de comunidades quilombolas no estado do Paran\u00e1 (como relat\u00f3rios agroambientais regionais, pe\u00e7as cartogr\u00e1ficas complementares, pe\u00e7as t\u00e9cnicas, entre outros);<\/p>\n\n\n\n<p>b) Elabora\u00e7\u00e3o e alimenta\u00e7\u00e3o do site relativo \u00e0 produ\u00e7\u00e3o do TED;<\/p>\n\n\n\n<p>c) Contribuir na organiza\u00e7\u00e3o de eventos anuais com a participa\u00e7\u00e3o das lideran\u00e7as<br>quilombolas, em parceria com a Federa\u00e7\u00e3o Estadual das Comunidades Quilombolas<br>no Paran\u00e1 (FECOQUI);<\/p>\n\n\n\n<p>d) Elabora\u00e7\u00e3o de materiais de pesquisa e divulga\u00e7\u00e3o que permitam uma melhor<br>interlocu\u00e7\u00e3o com as comunidades onde s\u00e3o realizados os estudos.<\/p>\n\n\n\n<h2 class=\"wp-block-heading\"><strong>Inscri\u00e7\u00f5es<\/strong><\/h2>\n\n\n\n<p><\/p>\n\n\n\n<p>As inscri\u00e7\u00f5es estar\u00e3o abertas de 14 de maio a 17 de maio de 2024 e ser\u00e3o recebidas exclusivamente por meio eletr\u00f4nico, atrav\u00e9s do formul\u00e1rio: https:\/\/forms.gle\/F8bmrmTQMqcLqaCN6<\/p>\n\n\n\n<p><\/p>\n\n\n\n<h2 class=\"wp-block-heading\"><strong>Bolsas<\/strong><\/h2>\n\n\n\n<p><\/p>\n\n\n\n<p>Ser\u00e3o ofertadas bolsas com vig\u00eancia de 12 (doze) meses, com possibilidade de renova\u00e7\u00e3o por igual per\u00edodo, para trabalhos de 30 horas\/semana, em conformidade com os valores definidos pelo TED INCRA UFPR QUILOMBOS 2023, condicionadas \u00e0 disponibilidade de recursos.<\/p>\n\n\n\n<p>a) Para a gradua\u00e7\u00e3o, ser\u00e3o disponibilizadas quatro (04) bolsas no valor de R$ 1.600,00.<\/p>\n\n\n\n<p>b) Para mestrado, ser\u00e3o disponibilizadas quatro (04) bolsas no valor de R$ 4.500,00;<\/p>\n\n\n\n<p>c) Para doutorado, ser\u00e1 disponibilizada uma (01) bolsa no valor de R$6.000,00.<\/p>\n\n\n\n<p>Condi\u00e7\u00f5es para a concess\u00e3o da bolsa:<\/p>\n\n\n\n<p>a) &nbsp;Ser brasileiro\/a ou ter visto\/autoriza\u00e7\u00e3o de perman\u00eancia ou trabalho no Brasil;<\/p>\n\n\n\n<p>b) &nbsp;N\u00e3o acumular a bolsa com qualquer modalidade de aux\u00edlio ou bolsa de ag\u00eancias defomento;<\/p>\n\n\n\n<p>c) &nbsp;N\u00e3o realizar qualquer forma de trabalho remunerado;<\/p>\n\n\n\n<p>d) &nbsp;N\u00e3o estar aposentado\/a ou em situa\u00e7\u00e3o equiparada;<\/p>\n\n\n\n<p><\/p>\n\n\n\n<h2 class=\"wp-block-heading\">Editais<\/h2>\n\n\n\n<p><\/p>\n\n\n\n<p>Para maiores informa\u00e7\u00f5es sobre a vaga, acesse os editais na \u00edntegra:<\/p>\n\n\n\n<p>EDITAL 02\/2024 &#8211; <a href=\"https:\/\/tecnologia.ufpr.br\/ceppur\/wp-content\/uploads\/sites\/43\/2024\/05\/EDITAL-02_2024-SELECAO-DE-BOLSISTAS-GRADUACAO-TED-Quilombos.docx.pdf\">GRADUA\u00c7\u00c3O<\/a><\/p>\n\n\n\n<p>EDITAL 03\/2024 &#8211; <a href=\"https:\/\/tecnologia.ufpr.br\/ceppur\/wp-content\/uploads\/sites\/43\/2024\/05\/EDITAL-03_2024-SELECAO-DE-BOLSISTAS-POS-GRADUACAO-TED-Quilombos.docx.pdf\" data-type=\"link\" data-id=\"https:\/\/tecnologia.ufpr.br\/ceppur\/wp-content\/uploads\/sites\/43\/2024\/05\/EDITAL-03_2024-SELECAO-DE-BOLSISTAS-POS-GRADUACAO-TED-Quilombos.docx.pdf\">P\u00d3S-GRADUA\u00c7\u00c3O<\/a><\/p>\n","protected":false},"excerpt":{"rendered":"<p>O Coletivo de Planejamento Territorial e Assessoria Popular (PLANTEAR) da Universidade Federal do Paran\u00e1 (UFPR) torna p\u00fablico o edital de inscri\u00e7\u00f5es para o processo seletivo de bolsistas, no \u00e2mbito do TED INCRA UFPR QUILOMBOS 2023. As vagas ser\u00e3o direcionadas \u00e0s&#8230;<br \/><a class=\"read-more-button\" href=\"https:\/\/tecnologia.ufpr.br\/ceppur\/2024\/05\/16\/projeto-ted-incra-ufpr-quilombos-2023-selecao-de-bolsistas-da-graduacao-e-da-pos-graduacao\/\">Read more<\/a><\/p>\n","protected":false},"author":1071,"featured_media":0,"comment_status":"open","ping_status":"open","sticky":false,"template":"","format":"standard","meta":{"footnotes":""},"categories":[1],"tags":[],"_links":{"self":[{"href":"https:\/\/tecnologia.ufpr.br\/ceppur\/wp-json\/wp\/v2\/posts\/870"}],"collection":[{"href":"https:\/\/tecnologia.ufpr.br\/ceppur\/wp-json\/wp\/v2\/posts"}],"about":[{"href":"https:\/\/tecnologia.ufpr.br\/ceppur\/wp-json\/wp\/v2\/types\/post"}],"author":[{"embeddable":true,"href":"https:\/\/tecnologia.ufpr.br\/ceppur\/wp-json\/wp\/v2\/users\/1071"}],"replies":[{"embeddable":true,"href":"https:\/\/tecnologia.ufpr.br\/ceppur\/wp-json\/wp\/v2\/comments?post=870"}],"version-history":[{"count":3,"href":"https:\/\/tecnologia.ufpr.br\/ceppur\/wp-json\/wp\/v2\/posts\/870\/revisions"}],"predecessor-version":[{"id":875,"href":"https:\/\/tecnologia.ufpr.br\/ceppur\/wp-json\/wp\/v2\/posts\/870\/revisions\/875"}],"wp:attachment":[{"href":"https:\/\/tecnologia.ufpr.br\/ceppur\/wp-json\/wp\/v2\/media?parent=870"}],"wp:term":[{"taxonomy":"category","embeddable":true,"href":"https:\/\/tecnologia.ufpr.br\/ceppur\/wp-json\/wp\/v2\/categories?post=870"},{"taxonomy":"post_tag","embeddable":true,"href":"https:\/\/tecnologia.ufpr.br\/ceppur\/wp-json\/wp\/v2\/tags?post=870"}],"curies":[{"name":"wp","href":"https:\/\/api.w.org\/{rel}","templated":true}]}}