{"id":769,"date":"2023-07-05T14:20:29","date_gmt":"2023-07-05T17:20:29","guid":{"rendered":"https:\/\/tecnologia.ufpr.br\/ceppur\/?p=769"},"modified":"2023-07-05T14:21:23","modified_gmt":"2023-07-05T17:21:23","slug":"edital-08-2023-resultado-da-selecao-para-bolsista-de-iniciacao-cientifica","status":"publish","type":"post","link":"https:\/\/tecnologia.ufpr.br\/ceppur\/2023\/07\/05\/edital-08-2023-resultado-da-selecao-para-bolsista-de-iniciacao-cientifica\/","title":{"rendered":"Edital 08-2023 \u2013 Resultado da Sele\u00e7\u00e3o para Bolsista de Inicia\u00e7\u00e3o Cient\u00edfica"},"content":{"rendered":"\n<p>O\u00a0<strong>Centro de Estudos em Planejamento e Pol\u00edticas Urbanas \u2013 CEPPUR<\/strong>, \u00f3rg\u00e3o auxiliar do Setor de Tecnologia da UFPR, torna p\u00fablico o presente edital com o resultado do processo seletivo de estudantes de gradua\u00e7\u00e3o para atua\u00e7\u00e3o no projeto de pesquisa CNPq Planejamento e Assessoria Popular em Conflitos Urbanos e Territoriais no Brasil.<\/p>\n\n\n\n<p><strong>Resultados<\/strong><\/p>\n\n\n\n<p>Plano de Trabalho: Levantamento e mapeamento de experi\u00eancias de planejamento e assessoria popular.&nbsp;<strong>Orientador: Prof. Jos\u00e9 Ricardo Vargas de Faria<\/strong><\/p>\n\n\n\n<figure class=\"wp-block-table\"><table><tbody><tr><td>Candidato(a)<\/td><td>Classifica\u00e7\u00e3o<\/td><td>Bolsa<\/td><\/tr><tr><td>Paulo Brandalise Sponchiado<\/td><td>1\u00ba<\/td><td>Bolsa CNPq<\/td><\/tr><tr><td>Patr\u00edcia Leite de Oliveira<\/td><td>2\u00ba<\/td><td>Volunt\u00e1ria<\/td><\/tr><\/tbody><\/table><\/figure>\n","protected":false},"excerpt":{"rendered":"<p>O\u00a0Centro de Estudos em Planejamento e Pol\u00edticas Urbanas \u2013 CEPPUR, \u00f3rg\u00e3o auxiliar do Setor de Tecnologia da UFPR, torna p\u00fablico o presente edital com o resultado do processo seletivo de estudantes de gradua\u00e7\u00e3o para atua\u00e7\u00e3o no projeto de pesquisa CNPq&#8230;<br \/><a class=\"read-more-button\" href=\"https:\/\/tecnologia.ufpr.br\/ceppur\/2023\/07\/05\/edital-08-2023-resultado-da-selecao-para-bolsista-de-iniciacao-cientifica\/\">Read more<\/a><\/p>\n","protected":false},"author":1071,"featured_media":0,"comment_status":"open","ping_status":"open","sticky":false,"template":"","format":"standard","meta":{"footnotes":""},"categories":[1],"tags":[],"_links":{"self":[{"href":"https:\/\/tecnologia.ufpr.br\/ceppur\/wp-json\/wp\/v2\/posts\/769"}],"collection":[{"href":"https:\/\/tecnologia.ufpr.br\/ceppur\/wp-json\/wp\/v2\/posts"}],"about":[{"href":"https:\/\/tecnologia.ufpr.br\/ceppur\/wp-json\/wp\/v2\/types\/post"}],"author":[{"embeddable":true,"href":"https:\/\/tecnologia.ufpr.br\/ceppur\/wp-json\/wp\/v2\/users\/1071"}],"replies":[{"embeddable":true,"href":"https:\/\/tecnologia.ufpr.br\/ceppur\/wp-json\/wp\/v2\/comments?post=769"}],"version-history":[{"count":2,"href":"https:\/\/tecnologia.ufpr.br\/ceppur\/wp-json\/wp\/v2\/posts\/769\/revisions"}],"predecessor-version":[{"id":772,"href":"https:\/\/tecnologia.ufpr.br\/ceppur\/wp-json\/wp\/v2\/posts\/769\/revisions\/772"}],"wp:attachment":[{"href":"https:\/\/tecnologia.ufpr.br\/ceppur\/wp-json\/wp\/v2\/media?parent=769"}],"wp:term":[{"taxonomy":"category","embeddable":true,"href":"https:\/\/tecnologia.ufpr.br\/ceppur\/wp-json\/wp\/v2\/categories?post=769"},{"taxonomy":"post_tag","embeddable":true,"href":"https:\/\/tecnologia.ufpr.br\/ceppur\/wp-json\/wp\/v2\/tags?post=769"}],"curies":[{"name":"wp","href":"https:\/\/api.w.org\/{rel}","templated":true}]}}