{"id":266,"date":"2020-08-18T14:30:44","date_gmt":"2020-08-18T17:30:44","guid":{"rendered":"https:\/\/tecnologia.ufpr.br\/ceppur\/?p=266"},"modified":"2020-08-20T16:29:35","modified_gmt":"2020-08-20T19:29:35","slug":"boiadas-urbanisticas","status":"publish","type":"post","link":"https:\/\/tecnologia.ufpr.br\/ceppur\/2020\/08\/18\/boiadas-urbanisticas\/","title":{"rendered":"Boiadas Urban\u00edsticas"},"content":{"rendered":"\n<figure class=\"wp-block-image\"><img loading=\"lazy\" decoding=\"async\" width=\"1000\" height=\"1000\" src=\"https:\/\/tecnologia.ufpr.br\/ceppur\/wp-content\/uploads\/sites\/43\/2020\/08\/IMG-20200817-WA0014.jpg\" alt=\"\" class=\"wp-image-267\" srcset=\"https:\/\/tecnologia.ufpr.br\/ceppur\/wp-content\/uploads\/sites\/43\/2020\/08\/IMG-20200817-WA0014.jpg 1000w, https:\/\/tecnologia.ufpr.br\/ceppur\/wp-content\/uploads\/sites\/43\/2020\/08\/IMG-20200817-WA0014-150x150.jpg 150w, https:\/\/tecnologia.ufpr.br\/ceppur\/wp-content\/uploads\/sites\/43\/2020\/08\/IMG-20200817-WA0014-300x300.jpg 300w, https:\/\/tecnologia.ufpr.br\/ceppur\/wp-content\/uploads\/sites\/43\/2020\/08\/IMG-20200817-WA0014-768x768.jpg 768w\" sizes=\"(max-width: 1000px) 100vw, 1000px\" \/><\/figure>\n\n\n\n<p>Em reuni\u00e3o ministerial de 22 de abril, Ricardo Salles, Ministro do Meio Ambiente do Brasil, defendeu que o Governo Federal deveria aproveitar a aten\u00e7\u00e3o da imprensa com a Pandemia de COVID-19 para promover altera\u00e7\u00f5es na legisla\u00e7\u00e3o, em suas palavras, para &#8220;passar a boiada&#8221;. O BrCidades (https:\/\/www.brcidades.org\/), um f\u00f3rum de estudiosos, profissionais e movimentos sociais sobre a quest\u00e3o urbana, tomou a iniciativa de fazer um levantamento para identificar iniciativas semelhantes de altera\u00e7\u00e3o de legisla\u00e7\u00f5es urban\u00edsticas, promovidas especialmente por Prefeituras Municipais, que visem flexibilizar, desregulamentar ou suprimir controles, promover vantagens para grupos de interesse espec\u00edficos e reduzir ou eliminar processos participativos em instrumentos de pol\u00edtica urbana, no contexto da Pandemia.<br>No programa de debates do Le Monde Diplomatique Brasil, no canal TVT, a Prof. Erminia Maricato (FAU\/USP) e o Prof. Jos\u00e9 Ricardo Vargas de Faria (CEPPUR\/UFPR) debatem o tema nesta ter\u00e7a (18\/08) \u00e0s 21h45. O programa \u00e9 transmitido pela web e fica dispon\u00edvel na <a href=\"http:\/\/www.tvt.org.br\">webpage <\/a>ou no <a href=\"https:\/\/www.youtube.com\/user\/redetvt\">canal<\/a> da TVT no Youtube.<\/p>\n\n\n\n<figure class=\"wp-block-embed-youtube wp-block-embed is-type-video is-provider-youtube wp-embed-aspect-16-9 wp-has-aspect-ratio\"><div class=\"wp-block-embed__wrapper\">\n<iframe loading=\"lazy\" width=\"734\" height=\"413\" src=\"https:\/\/www.youtube.com\/embed\/videoseries?list=PLWOdS62CKLoIgQ6Xm8weUAFJl77eQtmRK\" frameborder=\"0\" allow=\"accelerometer; autoplay; encrypted-media; gyroscope; picture-in-picture\" allowfullscreen><\/iframe>\n<\/div><figcaption>Boiadas Urban\u00edsticas<br>Le Monde Diplomatique Brasil &#8211; TVT<\/figcaption><\/figure>\n","protected":false},"excerpt":{"rendered":"<p>Em reuni\u00e3o ministerial de 22 de abril, Ricardo Salles, Ministro do Meio Ambiente do Brasil, defendeu que o Governo Federal deveria aproveitar a aten\u00e7\u00e3o da imprensa com a Pandemia de COVID-19 para promover altera\u00e7\u00f5es na legisla\u00e7\u00e3o, em suas palavras, para&#8230;<br \/><a class=\"read-more-button\" href=\"https:\/\/tecnologia.ufpr.br\/ceppur\/2020\/08\/18\/boiadas-urbanisticas\/\">Read more<\/a><\/p>\n","protected":false},"author":1071,"featured_media":0,"comment_status":"open","ping_status":"open","sticky":false,"template":"","format":"standard","meta":{"footnotes":""},"categories":[1],"tags":[],"_links":{"self":[{"href":"https:\/\/tecnologia.ufpr.br\/ceppur\/wp-json\/wp\/v2\/posts\/266"}],"collection":[{"href":"https:\/\/tecnologia.ufpr.br\/ceppur\/wp-json\/wp\/v2\/posts"}],"about":[{"href":"https:\/\/tecnologia.ufpr.br\/ceppur\/wp-json\/wp\/v2\/types\/post"}],"author":[{"embeddable":true,"href":"https:\/\/tecnologia.ufpr.br\/ceppur\/wp-json\/wp\/v2\/users\/1071"}],"replies":[{"embeddable":true,"href":"https:\/\/tecnologia.ufpr.br\/ceppur\/wp-json\/wp\/v2\/comments?post=266"}],"version-history":[{"count":2,"href":"https:\/\/tecnologia.ufpr.br\/ceppur\/wp-json\/wp\/v2\/posts\/266\/revisions"}],"predecessor-version":[{"id":272,"href":"https:\/\/tecnologia.ufpr.br\/ceppur\/wp-json\/wp\/v2\/posts\/266\/revisions\/272"}],"wp:attachment":[{"href":"https:\/\/tecnologia.ufpr.br\/ceppur\/wp-json\/wp\/v2\/media?parent=266"}],"wp:term":[{"taxonomy":"category","embeddable":true,"href":"https:\/\/tecnologia.ufpr.br\/ceppur\/wp-json\/wp\/v2\/categories?post=266"},{"taxonomy":"post_tag","embeddable":true,"href":"https:\/\/tecnologia.ufpr.br\/ceppur\/wp-json\/wp\/v2\/tags?post=266"}],"curies":[{"name":"wp","href":"https:\/\/api.w.org\/{rel}","templated":true}]}}