{"id":1007,"date":"2026-03-26T15:06:30","date_gmt":"2026-03-26T18:06:30","guid":{"rendered":"https:\/\/tecnologia.ufpr.br\/ceppur\/?p=1007"},"modified":"2026-03-26T15:06:30","modified_gmt":"2026-03-26T18:06:30","slug":"edital-01-2026-bolsa-de-iniciacao-cientifica-e-tecnologica","status":"publish","type":"post","link":"https:\/\/tecnologia.ufpr.br\/ceppur\/2026\/03\/26\/edital-01-2026-bolsa-de-iniciacao-cientifica-e-tecnologica\/","title":{"rendered":"Edital 01\/2026 &#8211; Bolsa de Inicia\u00e7\u00e3o Cient\u00edfica e Tecnol\u00f3gica"},"content":{"rendered":"\n<p><em>Aberto processo seletivo do CEPPUR-UFPR para vagas de Inicia\u00e7\u00e3o Cient\u00edfica (PIBIC) e Inicia\u00e7\u00e3o Tecnol\u00f3gica (PIBITI). Inscri\u00e7\u00f5es at\u00e9 30\/03\/2026<\/em><\/p>\n\n\n\n<p id=\"block-0d4afce4-cccf-400a-911e-9ac856fbea21\">O Centro de Estudos em Planejamento e Pol\u00edticas Urbanas da Universidade Federal do Paran\u00e1 (CEPPUR-UFPR) abre processo seletivo para vaga de Inicia\u00e7\u00e3o Cient\u00edfica (PIBIC) e Inicia\u00e7\u00e3o Tecnol\u00f3gica (PIBITI) para estudantes de gradua\u00e7\u00e3o dos cursos de Ci\u00eancia da Computa\u00e7\u00e3o, Engenharia (Civil, Cartogr\u00e1fica ou Ambiental), Geografia, Direito, Arquitetura e Urbanismo e \u00e1reas afins para o projeto:<br><strong>(i) Planejamento e Assessoria em Contexto de Conflito: insumos para pol\u00edticas p\u00fablicas territoriais<\/strong><\/p>\n\n\n\n<h4 class=\"wp-block-heading\" id=\"block-5c69273f-6e12-45f8-8893-f50a110bc602\"><strong>O Projeto:<\/strong> <\/h4>\n\n\n\n<p>Conflitos territoriais em processos de despossess\u00e3o, desterritorializa\u00e7\u00e3o, reivindica\u00e7\u00e3o de direitos e outras mobiliza\u00e7\u00f5es relacionadas \u00e0 produ\u00e7\u00e3o da cidade e do territ\u00f3rio s\u00e3o um grande desafio para a sociedade brasileira e, tamb\u00e9m, fonte importante de inova\u00e7\u00f5es e pol\u00edticas p\u00fablicas de garantia dos direitos \u00e0s cidades sustent\u00e1veis, \u00e0 terra, ao trabalho, \u00e0 moradia, \u00e0 cultura e ao ambiente saud\u00e1vel. Desde os anos 1970, experi\u00eancias nacionais e internacionais de assessoria t\u00e9cnica e de planejamento popular acionadas como repert\u00f3rio de a\u00e7\u00e3o pol\u00edtica em conflitos territoriais t\u00eam gerado espa\u00e7os de interpela\u00e7\u00e3o das formas tradicionais de se planejar o territ\u00f3rio. Tais iniciativas contestam, informam e\/ou s\u00e3o incorporadas em pol\u00edticas p\u00fablicas, a partir de processos urbanos contradit\u00f3rios, redundando em legisla\u00e7\u00f5es, programas e projetos que reagem ou se apropriam dos conhecimentos e saberes que formulam. A diversidade dos contextos de conflito, dos sujeitos envolvidos, das pr\u00e1ticas, metodologias e resultados de assessoria e planejamento j\u00e1 \u00e9 objeto de pesquisas desenvolvidas pelo CEPPUR em conjunto com redes e grupos de pesquisa nacionais e internacionais. Visando consolidar esse trabalho, a partir dos desafios e insumos que este repert\u00f3rio pr\u00e1tico traz para o Estado em suas m\u00faltiplas esferas e escalas, o objetivo geral deste projeto \u00e9 investigar experi\u00eancias de planejamento e assessoria popular em contexto de conflitos que enunciem possibilidades de alargamento do campo do planejamento territorial e da forma\u00e7\u00e3o de agenda, da formula\u00e7\u00e3o e da implanta\u00e7\u00e3o (em uma perspectiva descentralizada) de pol\u00edticas p\u00fablicas que se relacionem com a redu\u00e7\u00e3o das desigualdades e promo\u00e7\u00e3o da justi\u00e7a socioambiental. O trabalho ser\u00e1 desenvolvido em duas etapas: levantamento de experi\u00eancias nacionais e internacionais de planejamento e assessoria popular; e estudos multicaso com an\u00e1lise dos repert\u00f3rios, sujeitos, temporalidades, territorialidades e incid\u00eancias em pol\u00edticas p\u00fablicas.<\/p>\n\n\n\n<p id=\"block-e00e6637-87d3-4f85-b4f3-960b242cf985\"><strong>PIBIC: 1 vaga<\/strong><br>Plano de Trabalho: Pol\u00edticas p\u00fablicas territoriais e experi\u00eancias de planejamento e assessoria em contexto de conflito.<br>Requisitos: Estudante de Engenharia Civil, Geografia ou Arquitetura e Urbanismo.<br>Orientador:\u00a0<a href=\"https:\/\/tecnologia.ufpr.br\/ceppur\/jrvfaria\/\" target=\"_blank\" rel=\"noreferrer noopener\">Prof. Jos\u00e9 Ricardo Vargas de Faria<\/a><\/p>\n\n\n\n<h3 class=\"wp-block-heading\" id=\"block-a558f537-7902-443b-bb5d-468bce23c1f2\">Inscri\u00e7\u00f5es<\/h3>\n\n\n\n<p id=\"block-30dc94c2-219f-42c8-b87a-6579e853ad70\">As (Os) estudantes devem preencher o\u00a0<a href=\"https:\/\/forms.gle\/rDbnTpfRcKbiZhoZ8\" target=\"_blank\" rel=\"noreferrer noopener\">formul\u00e1rio<\/a>\u00a0at\u00e9\u00a0 \u00e0s 12h do dia 30 de mar\u00e7o, justificando o interesse no projeto de pesquisa e anexando c\u00f3pia do comprovante de matr\u00edcula e do hist\u00f3rico escolar. A entrevista ser\u00e1 realizada no dia\u00a0<strong>31 de mar\u00e7o de 2026,<\/strong>\u00a0no per\u00edodo da tarde. A\/O bolsista selecionada(o) deve possuir conta corrente no Banco do Brasil e dispor de 20 horas semanais para participa\u00e7\u00e3o no projeto. N\u00e3o \u00e9 permitido \u201cacumular a bolsa, exceto com as de car\u00e1ter assistencial, com quaisquer bolsas de ag\u00eancias nacionais, estrangeiras ou internacionais de fomento ao ensino e \u00e0 pesquisa ou cong\u00eaneres\u201d.<\/p>\n\n\n\n<h3 class=\"wp-block-heading\" id=\"block-08fb0a69-e09a-4eeb-a007-5b10aac9e36b\">Crit\u00e9rios de sele\u00e7\u00e3o<\/h3>\n\n\n\n<p>O CEPPUR reafirma seu compromisso com o enfrentamento das desigualdades socioecon\u00f4micas, de forma que este edital incentiva e d\u00e1 prefer\u00eancia \u00e0 candidatura de pessoas negras, ind\u00edgenas, quilombolas, LGBTQIA+, pessoas com defici\u00eancia (PCD), origin\u00e1rias de comunidades tradicionais, mulheres e\/ou benefici\u00e1rias de pol\u00edticas afirmativas (cotas, bolsa PROBEM, etc.).<\/p>\n\n\n\n<p>Ser\u00e1 realizada uma entrevista individual com cada estudante, na qual ser\u00e3o considerados, sem hierarquia entre os crit\u00e9rios:<\/p>\n\n\n\n<p>O tempo dispon\u00edvel para se dedicar ao projeto;<br>Interesse, experi\u00eancia e produ\u00e7\u00f5es nos temas abordados;<br>A autodeclara\u00e7\u00e3o, quando for o caso, de pessoas negras, ind\u00edgenas, quilombolas, LGBTQIA+, pessoas com defici\u00eancia (PCD), origin\u00e1rias de comunidades tradicionais, mulheres e\/ou benefici\u00e1rias de pol\u00edticas afirmativas (cotas, bolsa PROBEM, etc.).<\/p>\n\n\n\n<h3 class=\"wp-block-heading\" id=\"block-de60510b-3c6a-4523-b8d1-8afcc3d75255\">Bolsa<\/h3>\n\n\n\n<p id=\"block-4c4a8ef2-084b-4ba7-a1e4-24129b2e99cf\">Bolsa CNPq de R$700,00.<\/p>\n","protected":false},"excerpt":{"rendered":"<p>Aberto processo seletivo do CEPPUR-UFPR para vagas de Inicia\u00e7\u00e3o Cient\u00edfica (PIBIC) e Inicia\u00e7\u00e3o Tecnol\u00f3gica (PIBITI). Inscri\u00e7\u00f5es at\u00e9 30\/03\/2026 O Centro de Estudos em Planejamento e Pol\u00edticas Urbanas da Universidade Federal do Paran\u00e1 (CEPPUR-UFPR) abre processo seletivo para vaga de Inicia\u00e7\u00e3o&#8230;<br \/><a class=\"read-more-button\" href=\"https:\/\/tecnologia.ufpr.br\/ceppur\/2026\/03\/26\/edital-01-2026-bolsa-de-iniciacao-cientifica-e-tecnologica\/\">Read more<\/a><\/p>\n","protected":false},"author":1071,"featured_media":0,"comment_status":"open","ping_status":"open","sticky":false,"template":"","format":"standard","meta":{"footnotes":""},"categories":[1],"tags":[],"_links":{"self":[{"href":"https:\/\/tecnologia.ufpr.br\/ceppur\/wp-json\/wp\/v2\/posts\/1007"}],"collection":[{"href":"https:\/\/tecnologia.ufpr.br\/ceppur\/wp-json\/wp\/v2\/posts"}],"about":[{"href":"https:\/\/tecnologia.ufpr.br\/ceppur\/wp-json\/wp\/v2\/types\/post"}],"author":[{"embeddable":true,"href":"https:\/\/tecnologia.ufpr.br\/ceppur\/wp-json\/wp\/v2\/users\/1071"}],"replies":[{"embeddable":true,"href":"https:\/\/tecnologia.ufpr.br\/ceppur\/wp-json\/wp\/v2\/comments?post=1007"}],"version-history":[{"count":1,"href":"https:\/\/tecnologia.ufpr.br\/ceppur\/wp-json\/wp\/v2\/posts\/1007\/revisions"}],"predecessor-version":[{"id":1008,"href":"https:\/\/tecnologia.ufpr.br\/ceppur\/wp-json\/wp\/v2\/posts\/1007\/revisions\/1008"}],"wp:attachment":[{"href":"https:\/\/tecnologia.ufpr.br\/ceppur\/wp-json\/wp\/v2\/media?parent=1007"}],"wp:term":[{"taxonomy":"category","embeddable":true,"href":"https:\/\/tecnologia.ufpr.br\/ceppur\/wp-json\/wp\/v2\/categories?post=1007"},{"taxonomy":"post_tag","embeddable":true,"href":"https:\/\/tecnologia.ufpr.br\/ceppur\/wp-json\/wp\/v2\/tags?post=1007"}],"curies":[{"name":"wp","href":"https:\/\/api.w.org\/{rel}","templated":true}]}}