{"id":4682,"date":"2020-10-29T07:57:26","date_gmt":"2020-10-29T10:57:26","guid":{"rendered":"https:\/\/tecnologia.ufpr.br\/cceq\/?p=4682"},"modified":"2020-10-29T08:01:07","modified_gmt":"2020-10-29T11:01:07","slug":"solicitacoes-e-duvidas-em-relacao-a-matricula-e-demandas-da-coordenacao-devem-ser-enviadas-para-o-e-mail-ccequfpr-br","status":"publish","type":"post","link":"https:\/\/tecnologia.ufpr.br\/cceq\/arquivos\/4682","title":{"rendered":"Solicita\u00e7\u00f5es e d\u00favidas em rela\u00e7\u00e3o \u00e0 matr\u00edcula e demais demandas da coordena\u00e7\u00e3o devem ser enviadas para o e-mail cceq@ufpr.br"},"content":{"rendered":"\n<p>Pedimos a gentileza de que solicita\u00e7\u00f5es e d\u00favidas em rela\u00e7\u00e3o \u00e0 matr\u00edcula e demais demandas da coordena\u00e7\u00e3o sejam enviadas para o e-mail cceq@ufpr.br<\/p>\n","protected":false},"excerpt":{"rendered":"<p>Pedimos a gentileza de que solicita\u00e7\u00f5es e d\u00favidas em rela\u00e7\u00e3o \u00e0 matr\u00edcula e demais demandas da coordena\u00e7\u00e3o sejam enviadas para o e-mail cceq@ufpr.br<\/p>\n","protected":false},"author":1003,"featured_media":0,"comment_status":"closed","ping_status":"closed","sticky":false,"template":"","format":"standard","meta":{"footnotes":""},"categories":[7],"tags":[],"_links":{"self":[{"href":"https:\/\/tecnologia.ufpr.br\/cceq\/wp-json\/wp\/v2\/posts\/4682"}],"collection":[{"href":"https:\/\/tecnologia.ufpr.br\/cceq\/wp-json\/wp\/v2\/posts"}],"about":[{"href":"https:\/\/tecnologia.ufpr.br\/cceq\/wp-json\/wp\/v2\/types\/post"}],"author":[{"embeddable":true,"href":"https:\/\/tecnologia.ufpr.br\/cceq\/wp-json\/wp\/v2\/users\/1003"}],"replies":[{"embeddable":true,"href":"https:\/\/tecnologia.ufpr.br\/cceq\/wp-json\/wp\/v2\/comments?post=4682"}],"version-history":[{"count":5,"href":"https:\/\/tecnologia.ufpr.br\/cceq\/wp-json\/wp\/v2\/posts\/4682\/revisions"}],"predecessor-version":[{"id":4687,"href":"https:\/\/tecnologia.ufpr.br\/cceq\/wp-json\/wp\/v2\/posts\/4682\/revisions\/4687"}],"wp:attachment":[{"href":"https:\/\/tecnologia.ufpr.br\/cceq\/wp-json\/wp\/v2\/media?parent=4682"}],"wp:term":[{"taxonomy":"category","embeddable":true,"href":"https:\/\/tecnologia.ufpr.br\/cceq\/wp-json\/wp\/v2\/categories?post=4682"},{"taxonomy":"post_tag","embeddable":true,"href":"https:\/\/tecnologia.ufpr.br\/cceq\/wp-json\/wp\/v2\/tags?post=4682"}],"curies":[{"name":"wp","href":"https:\/\/api.w.org\/{rel}","templated":true}]}}