{"id":7727,"date":"2025-11-10T17:26:55","date_gmt":"2025-11-10T20:26:55","guid":{"rendered":"https:\/\/tecnologia.ufpr.br\/ccec\/?p=7727"},"modified":"2025-11-10T17:26:55","modified_gmt":"2025-11-10T20:26:55","slug":"contratos-de-estagio-inicio-em-dezembro-2025-e-janeiro-2026","status":"publish","type":"post","link":"https:\/\/tecnologia.ufpr.br\/ccec\/2025\/11\/10\/contratos-de-estagio-inicio-em-dezembro-2025-e-janeiro-2026\/","title":{"rendered":"CONTRATOS DE EST\u00c1GIO \u2013 IN\u00cdCIO EM DEZEMBRO\/2025 e JANEIRO\/2026\u00a0"},"content":{"rendered":"\n<p>Solicitamos aos estudantes que possuam Termos de compromisso de est\u00e1gio (contratos) e aditivos com in\u00edcio nos meses de Dezembro\/2025 e Janeiro\/2026 que os enviem para a secretaria do curso at\u00e9 dia 28\/11\/2025.\u00a0<\/p>\n\n\n\n<p>Este procedimento \u00e9 necess\u00e1rio em virtude das f\u00e9rias dos professores e do recesso de final de ano.&nbsp;<\/p>\n\n\n\n<p>O(a) estudante deve enviar os documentos abaixo para o e-mail\u00a0<a href=\"mailto:civilsecretaria@ufpr.br\" target=\"_blank\" rel=\"noreferrer noopener\">civilsecretaria@ufpr.br<\/a>:\u00a0\u00a0\u00a0<\/p>\n\n\n\n<p>a) Termo de Compromisso de Est\u00e1gio (contrato) ou Aditivo preenchido, assinado pelo estudante e pela empresa.\u00a0\u00a0<\/p>\n\n\n\n<p>b) Formul\u00e1rio de Controle de Hor\u00e1rio de Atividades e de est\u00e1gio preenchido e assinado. Dispon\u00edvel em:\u00a0<a href=\"https:\/\/tecnologia.ufpr.br\/ccec\/wp-content\/uploads\/sites\/32\/2025\/05\/formulario-de-controle-de-horarios.pdf\" target=\"_blank\" rel=\"noreferrer noopener\">https:\/\/tecnologia.ufpr.br\/ccec\/wp-content\/uploads\/sites\/32\/2025\/05\/formulario-de-controle-de-horarios.pdf<\/a>\u00a0<\/p>\n\n\n\n<p>Antes de nos enviar a documenta\u00e7\u00e3o necess\u00e1ria,&nbsp;<strong>assegure-se de atender aos requisitos necess\u00e1rios para estagiar<\/strong>.&nbsp;&nbsp;&nbsp;<\/p>\n\n\n\n<p>Integraliza\u00e7\u00e3o &gt;=1500 horas.&nbsp;&nbsp;<\/p>\n\n\n\n<p>Ira &gt;= 0.5 (satisfat\u00f3rio).&nbsp;&nbsp;<\/p>\n\n\n\n<p>N\u00e3o ter reprovado em 50 % ou mais das disciplinas cursadas nos semestres anteriores.&nbsp;&nbsp;<\/p>\n\n\n\n<p>N\u00e3o ter cancelado 50% ou mais das disciplinas no semestre anterior.&nbsp;&nbsp;&nbsp;<\/p>\n\n\n\n<p><strong>Entregue os documentos com pelo menos 10 dias \u00fateis antes do in\u00edcio do est\u00e1gio.<\/strong>&nbsp;&nbsp;<\/p>\n","protected":false},"excerpt":{"rendered":"<p>Solicitamos aos estudantes que possuam Termos de compromisso de est\u00e1gio (contratos) e aditivos com in\u00edcio nos meses de Dezembro\/2025 e Janeiro\/2026 que os enviem para [&hellip;]<\/p>\n","protected":false},"author":1042,"featured_media":0,"comment_status":"open","ping_status":"open","sticky":false,"template":"","format":"standard","meta":{"footnotes":""},"categories":[1],"tags":[],"_links":{"self":[{"href":"https:\/\/tecnologia.ufpr.br\/ccec\/wp-json\/wp\/v2\/posts\/7727"}],"collection":[{"href":"https:\/\/tecnologia.ufpr.br\/ccec\/wp-json\/wp\/v2\/posts"}],"about":[{"href":"https:\/\/tecnologia.ufpr.br\/ccec\/wp-json\/wp\/v2\/types\/post"}],"author":[{"embeddable":true,"href":"https:\/\/tecnologia.ufpr.br\/ccec\/wp-json\/wp\/v2\/users\/1042"}],"replies":[{"embeddable":true,"href":"https:\/\/tecnologia.ufpr.br\/ccec\/wp-json\/wp\/v2\/comments?post=7727"}],"version-history":[{"count":1,"href":"https:\/\/tecnologia.ufpr.br\/ccec\/wp-json\/wp\/v2\/posts\/7727\/revisions"}],"predecessor-version":[{"id":7728,"href":"https:\/\/tecnologia.ufpr.br\/ccec\/wp-json\/wp\/v2\/posts\/7727\/revisions\/7728"}],"wp:attachment":[{"href":"https:\/\/tecnologia.ufpr.br\/ccec\/wp-json\/wp\/v2\/media?parent=7727"}],"wp:term":[{"taxonomy":"category","embeddable":true,"href":"https:\/\/tecnologia.ufpr.br\/ccec\/wp-json\/wp\/v2\/categories?post=7727"},{"taxonomy":"post_tag","embeddable":true,"href":"https:\/\/tecnologia.ufpr.br\/ccec\/wp-json\/wp\/v2\/tags?post=7727"}],"curies":[{"name":"wp","href":"https:\/\/api.w.org\/{rel}","templated":true}]}}