{"id":7524,"date":"2024-11-18T13:57:39","date_gmt":"2024-11-18T16:57:39","guid":{"rendered":"https:\/\/tecnologia.ufpr.br\/ccec\/?p=7524"},"modified":"2025-06-03T15:36:42","modified_gmt":"2025-06-03T18:36:42","slug":"contratos-de-estagio-inicio-em-dezembro-2024-e-janeiro-2025","status":"publish","type":"post","link":"https:\/\/tecnologia.ufpr.br\/ccec\/2024\/11\/18\/contratos-de-estagio-inicio-em-dezembro-2024-e-janeiro-2025\/","title":{"rendered":"Contratos de est\u00e1gio &#8211; In\u00edcio em Dezembro\/2024 e Janeiro\/2025"},"content":{"rendered":"\n<p>Solicitamos aos estudantes que possuam contratos e aditivos com in\u00edcio nos meses de Dezembro\/2024 e Janeiro\/2025 que os enviem para a secretaria do curso at\u00e9 dia 30\/11\/2024. <\/p>\n\n\n\n<p>Este procedimento \u00e9 necess\u00e1rio em virtude das f\u00e9rias dos professores e do recesso de final de ano.<\/p>\n\n\n\n<p>O(a) estudante deve enviar para <a href=\"mailto:civilsecretaria@ufpr.br\" target=\"_blank\" rel=\"noreferrer noopener\">civilsecretaria@ufpr.br<\/a>:&nbsp;&nbsp;<\/p>\n\n\n\n<ul>\n<li>Termo de Compromisso de Est\u00e1gio preenchido e assinado por voc\u00ea e pela empresa.&nbsp;<\/li>\n\n\n\n<li>Formul\u00e1rio de Controle de Hor\u00e1rio de Atividades e de est\u00e1gio preenchido e assinado. Dispon\u00edvel em: <a href=\"https:\/\/tecnologia.ufpr.br\/ccec\/wp-content\/uploads\/sites\/32\/2025\/05\/formulario-de-controle-de-horarios.pdf\">https:\/\/tecnologia.ufpr.br\/ccec\/wp-content\/uploads\/sites\/32\/2025\/05\/formulario-de-controle-de-horarios.pdf<\/a><\/li>\n<\/ul>\n\n\n\n<p>Antes de nos enviar a documenta\u00e7\u00e3o necess\u00e1ria, <strong>assegure-se de atender aos requisitos necess\u00e1rios para estagiar<\/strong>.&nbsp;&nbsp;<\/p>\n\n\n\n<ul>\n<li>Integraliza\u00e7\u00e3o &gt;=1500 horas.&nbsp;<\/li>\n\n\n\n<li>Ira &gt;= 0.5 (satisfat\u00f3rio).&nbsp;<\/li>\n\n\n\n<li>N\u00e3o ter reprovado em 50 % ou mais das disciplinas cursadas nos semestres anteriores.&nbsp;<\/li>\n\n\n\n<li>N\u00e3o ter cancelado 50% ou mais das disciplinas no semestre anterior.&nbsp;&nbsp;<\/li>\n<\/ul>\n\n\n\n<p><strong>Entregue os documentos com pelo menos 10 dias \u00fateis antes do in\u00edcio do est\u00e1gio.<\/strong>&nbsp;<\/p>\n\n\n\n<div style=\"height:100px\" aria-hidden=\"true\" class=\"wp-block-spacer\"><\/div>\n\n\n\n<div class=\"wp-block-group is-nowrap is-layout-flex wp-container-core-group-is-layout-1 wp-block-group-is-layout-flex\">\n<p>Atualizado em: <\/p>\n\n\n<div class=\"wp-block-post-date__modified-date wp-block-post-date\"><time datetime=\"2025-06-03T15:36:42-03:00\">3 de junho de 2025<\/time><\/div><\/div>\n","protected":false},"excerpt":{"rendered":"<p>Solicitamos aos estudantes que possuam contratos e aditivos com in\u00edcio nos meses de Dezembro\/2024 e Janeiro\/2025 que os enviem para a secretaria do curso at\u00e9 [&hellip;]<\/p>\n","protected":false},"author":1099,"featured_media":0,"comment_status":"open","ping_status":"open","sticky":false,"template":"","format":"standard","meta":{"footnotes":""},"categories":[1],"tags":[],"_links":{"self":[{"href":"https:\/\/tecnologia.ufpr.br\/ccec\/wp-json\/wp\/v2\/posts\/7524"}],"collection":[{"href":"https:\/\/tecnologia.ufpr.br\/ccec\/wp-json\/wp\/v2\/posts"}],"about":[{"href":"https:\/\/tecnologia.ufpr.br\/ccec\/wp-json\/wp\/v2\/types\/post"}],"author":[{"embeddable":true,"href":"https:\/\/tecnologia.ufpr.br\/ccec\/wp-json\/wp\/v2\/users\/1099"}],"replies":[{"embeddable":true,"href":"https:\/\/tecnologia.ufpr.br\/ccec\/wp-json\/wp\/v2\/comments?post=7524"}],"version-history":[{"count":3,"href":"https:\/\/tecnologia.ufpr.br\/ccec\/wp-json\/wp\/v2\/posts\/7524\/revisions"}],"predecessor-version":[{"id":7679,"href":"https:\/\/tecnologia.ufpr.br\/ccec\/wp-json\/wp\/v2\/posts\/7524\/revisions\/7679"}],"wp:attachment":[{"href":"https:\/\/tecnologia.ufpr.br\/ccec\/wp-json\/wp\/v2\/media?parent=7524"}],"wp:term":[{"taxonomy":"category","embeddable":true,"href":"https:\/\/tecnologia.ufpr.br\/ccec\/wp-json\/wp\/v2\/categories?post=7524"},{"taxonomy":"post_tag","embeddable":true,"href":"https:\/\/tecnologia.ufpr.br\/ccec\/wp-json\/wp\/v2\/tags?post=7524"}],"curies":[{"name":"wp","href":"https:\/\/api.w.org\/{rel}","templated":true}]}}