{"id":6941,"date":"2023-11-10T10:20:08","date_gmt":"2023-11-10T13:20:08","guid":{"rendered":"https:\/\/tecnologia.ufpr.br\/ccec\/?p=6941"},"modified":"2023-11-10T10:20:08","modified_gmt":"2023-11-10T13:20:08","slug":"contratos-de-estagio-inicio-em-dezembro-2023-e-janeiro-2024","status":"publish","type":"post","link":"https:\/\/tecnologia.ufpr.br\/ccec\/2023\/11\/10\/contratos-de-estagio-inicio-em-dezembro-2023-e-janeiro-2024\/","title":{"rendered":"CONTRATOS DE EST\u00c1GIO \u2013 IN\u00cdCIO EM DEZEMBRO\/2023 E JANEIRO\/2024"},"content":{"rendered":"\n<p>Comunicamos aos estudantes que ir\u00e3o encaminhar Contratos de Est\u00e1gio e Aditivos com in\u00edcio nos meses de Dezembro\/2023 e Janeiro\/2024 que o prazo para envio para a secretaria do curso \u00e9 dia 30\/11\/2023. Este procedimento \u00e9 necess\u00e1rio em virtude das f\u00e9rias dos professores e do recesso de final de ano.<\/p>\n","protected":false},"excerpt":{"rendered":"<p>Comunicamos aos estudantes que ir\u00e3o encaminhar Contratos de Est\u00e1gio e Aditivos com in\u00edcio nos meses de Dezembro\/2023 e Janeiro\/2024 que o prazo para envio para [&hellip;]<\/p>\n","protected":false},"author":1042,"featured_media":0,"comment_status":"open","ping_status":"open","sticky":false,"template":"","format":"standard","meta":{"footnotes":""},"categories":[1],"tags":[],"_links":{"self":[{"href":"https:\/\/tecnologia.ufpr.br\/ccec\/wp-json\/wp\/v2\/posts\/6941"}],"collection":[{"href":"https:\/\/tecnologia.ufpr.br\/ccec\/wp-json\/wp\/v2\/posts"}],"about":[{"href":"https:\/\/tecnologia.ufpr.br\/ccec\/wp-json\/wp\/v2\/types\/post"}],"author":[{"embeddable":true,"href":"https:\/\/tecnologia.ufpr.br\/ccec\/wp-json\/wp\/v2\/users\/1042"}],"replies":[{"embeddable":true,"href":"https:\/\/tecnologia.ufpr.br\/ccec\/wp-json\/wp\/v2\/comments?post=6941"}],"version-history":[{"count":1,"href":"https:\/\/tecnologia.ufpr.br\/ccec\/wp-json\/wp\/v2\/posts\/6941\/revisions"}],"predecessor-version":[{"id":6942,"href":"https:\/\/tecnologia.ufpr.br\/ccec\/wp-json\/wp\/v2\/posts\/6941\/revisions\/6942"}],"wp:attachment":[{"href":"https:\/\/tecnologia.ufpr.br\/ccec\/wp-json\/wp\/v2\/media?parent=6941"}],"wp:term":[{"taxonomy":"category","embeddable":true,"href":"https:\/\/tecnologia.ufpr.br\/ccec\/wp-json\/wp\/v2\/categories?post=6941"},{"taxonomy":"post_tag","embeddable":true,"href":"https:\/\/tecnologia.ufpr.br\/ccec\/wp-json\/wp\/v2\/tags?post=6941"}],"curies":[{"name":"wp","href":"https:\/\/api.w.org\/{rel}","templated":true}]}}