{"id":6778,"date":"2023-05-04T09:42:51","date_gmt":"2023-05-04T12:42:51","guid":{"rendered":"https:\/\/tecnologia.ufpr.br\/ccec\/?p=6778"},"modified":"2023-05-08T08:27:24","modified_gmt":"2023-05-08T11:27:24","slug":"eleicao-para-coordenadora-e-vice-coordenadora-do-curso-de-engenharia-civil-3","status":"publish","type":"post","link":"https:\/\/tecnologia.ufpr.br\/ccec\/2023\/05\/04\/eleicao-para-coordenadora-e-vice-coordenadora-do-curso-de-engenharia-civil-3\/","title":{"rendered":"ELEI\u00c7\u00c3O PARA COORDENADOR(A) E VICE-COORDENADOR(A) DO CURSO DE ENGENHARIA CIVIL &#8211; 08\/05\/2023"},"content":{"rendered":"\n<p>Prezados professores, alunos e servidores t\u00e9cnico-administrativos do curso de Engenharia\u00a0 Civil. Na segunda-feira, dia 08 de maio 2023,\u00a0teremos as\u00a0Elei\u00e7\u00f5es para Coordenador(a) e Vice-coordenador(a) do Curso de Engenharia Civil do Setor de Tecnologia da UFPR . Este ano a elei\u00e7\u00e3o ser\u00e1 de forma eletr\u00f4nica. Hor\u00e1rio para vota\u00e7\u00e3o ser\u00e1  das 08h \u00e0s 18h. CHAPA INSCRITA:\u00a0CHAPA 1 &#8211;\u00a0Candidata \u00e0 Coordenadora: Selma Aparecida Cubas (professora DE do Departamento de Hidr\u00e1ulica e Saneamento &#8211; DHS) &#8211;\u00a0Candidata \u00e0 Vice-Coordenadora: Caroline Tomazini Santos (professora do Departamento de Constru\u00e7\u00e3o Civil &#8211; DCC).<br>Comiss\u00e3o eleitoral: Professora Laila Valduga Artigas &#8211; DCC, T\u00e9cnica administrativa Mary Elisa Guerra Padilha &#8211; CCEC e Discente Luana Niederheitmann Lagner.<\/p>\n","protected":false},"excerpt":{"rendered":"<p>Prezados professores, alunos e servidores t\u00e9cnico-administrativos do curso de Engenharia\u00a0 Civil. Na segunda-feira, dia 08 de maio 2023,\u00a0teremos as\u00a0Elei\u00e7\u00f5es para Coordenador(a) e Vice-coordenador(a) do Curso [&hellip;]<\/p>\n","protected":false},"author":1042,"featured_media":0,"comment_status":"open","ping_status":"open","sticky":false,"template":"","format":"standard","meta":{"footnotes":""},"categories":[1],"tags":[],"_links":{"self":[{"href":"https:\/\/tecnologia.ufpr.br\/ccec\/wp-json\/wp\/v2\/posts\/6778"}],"collection":[{"href":"https:\/\/tecnologia.ufpr.br\/ccec\/wp-json\/wp\/v2\/posts"}],"about":[{"href":"https:\/\/tecnologia.ufpr.br\/ccec\/wp-json\/wp\/v2\/types\/post"}],"author":[{"embeddable":true,"href":"https:\/\/tecnologia.ufpr.br\/ccec\/wp-json\/wp\/v2\/users\/1042"}],"replies":[{"embeddable":true,"href":"https:\/\/tecnologia.ufpr.br\/ccec\/wp-json\/wp\/v2\/comments?post=6778"}],"version-history":[{"count":3,"href":"https:\/\/tecnologia.ufpr.br\/ccec\/wp-json\/wp\/v2\/posts\/6778\/revisions"}],"predecessor-version":[{"id":6781,"href":"https:\/\/tecnologia.ufpr.br\/ccec\/wp-json\/wp\/v2\/posts\/6778\/revisions\/6781"}],"wp:attachment":[{"href":"https:\/\/tecnologia.ufpr.br\/ccec\/wp-json\/wp\/v2\/media?parent=6778"}],"wp:term":[{"taxonomy":"category","embeddable":true,"href":"https:\/\/tecnologia.ufpr.br\/ccec\/wp-json\/wp\/v2\/categories?post=6778"},{"taxonomy":"post_tag","embeddable":true,"href":"https:\/\/tecnologia.ufpr.br\/ccec\/wp-json\/wp\/v2\/tags?post=6778"}],"curies":[{"name":"wp","href":"https:\/\/api.w.org\/{rel}","templated":true}]}}