{"id":5867,"date":"2022-05-30T12:24:33","date_gmt":"2022-05-30T15:24:33","guid":{"rendered":"https:\/\/tecnologia.ufpr.br\/ccec\/?p=5867"},"modified":"2022-05-30T12:24:33","modified_gmt":"2022-05-30T15:24:33","slug":"secretaria-fechada-31-05-2022-das-13-as-17-horas","status":"publish","type":"post","link":"https:\/\/tecnologia.ufpr.br\/ccec\/2022\/05\/30\/secretaria-fechada-31-05-2022-das-13-as-17-horas\/","title":{"rendered":"SECRETARIA FECHADA &#8211; 31\/05\/2022 &#8211; DAS 13 \u00c0S 17 HORAS"},"content":{"rendered":"\n<p>Comunicamos que a secretaria da Coordena\u00e7\u00e3o do Curso de Engenharia Civil estar\u00e1 fechada no dia 31\/05\/2022 das 13 \u00e0s 17 horas. Motivo: Exame m\u00e9dico da servidora.<\/p>\n","protected":false},"excerpt":{"rendered":"<p>Comunicamos que a secretaria da Coordena\u00e7\u00e3o do Curso de Engenharia Civil estar\u00e1 fechada no dia 31\/05\/2022 das 13 \u00e0s 17 horas. Motivo: Exame m\u00e9dico da [&hellip;]<\/p>\n","protected":false},"author":1042,"featured_media":0,"comment_status":"open","ping_status":"open","sticky":false,"template":"","format":"standard","meta":{"footnotes":""},"categories":[1],"tags":[],"_links":{"self":[{"href":"https:\/\/tecnologia.ufpr.br\/ccec\/wp-json\/wp\/v2\/posts\/5867"}],"collection":[{"href":"https:\/\/tecnologia.ufpr.br\/ccec\/wp-json\/wp\/v2\/posts"}],"about":[{"href":"https:\/\/tecnologia.ufpr.br\/ccec\/wp-json\/wp\/v2\/types\/post"}],"author":[{"embeddable":true,"href":"https:\/\/tecnologia.ufpr.br\/ccec\/wp-json\/wp\/v2\/users\/1042"}],"replies":[{"embeddable":true,"href":"https:\/\/tecnologia.ufpr.br\/ccec\/wp-json\/wp\/v2\/comments?post=5867"}],"version-history":[{"count":1,"href":"https:\/\/tecnologia.ufpr.br\/ccec\/wp-json\/wp\/v2\/posts\/5867\/revisions"}],"predecessor-version":[{"id":5868,"href":"https:\/\/tecnologia.ufpr.br\/ccec\/wp-json\/wp\/v2\/posts\/5867\/revisions\/5868"}],"wp:attachment":[{"href":"https:\/\/tecnologia.ufpr.br\/ccec\/wp-json\/wp\/v2\/media?parent=5867"}],"wp:term":[{"taxonomy":"category","embeddable":true,"href":"https:\/\/tecnologia.ufpr.br\/ccec\/wp-json\/wp\/v2\/categories?post=5867"},{"taxonomy":"post_tag","embeddable":true,"href":"https:\/\/tecnologia.ufpr.br\/ccec\/wp-json\/wp\/v2\/tags?post=5867"}],"curies":[{"name":"wp","href":"https:\/\/api.w.org\/{rel}","templated":true}]}}