{"id":5708,"date":"2022-05-26T15:20:00","date_gmt":"2022-05-26T18:20:00","guid":{"rendered":"https:\/\/tecnologia.ufpr.br\/ccec\/?p=5708"},"modified":"2022-05-26T15:20:00","modified_gmt":"2022-05-26T18:20:00","slug":"matriculas-primeiro-semestre-2022-correcao-de-vagas","status":"publish","type":"post","link":"https:\/\/tecnologia.ufpr.br\/ccec\/2022\/05\/26\/matriculas-primeiro-semestre-2022-correcao-de-vagas\/","title":{"rendered":"MATR\u00cdCULAS PRIMEIRO SEMESTRE 2022 &#8211; CORRE\u00c7\u00c3O DE VAGAS"},"content":{"rendered":"\n<p>A Coordena\u00e7\u00e3o do Curso de Engenharia Civil identificou erro na oferta do n\u00famero de vagas de algumas disciplinas. Segue abaixo as disciplinas e o n\u00famero correto de vagas. Ser\u00e1 corrigido no per\u00edodo de ajuste da Coordena\u00e7\u00e3o.<\/p>\n\n\n\n<figure class=\"wp-block-table\"><table><tbody><tr><td>C\u00d3DIGO<\/td><td>DISCIPLINA<\/td><td>TURMA<\/td><td>PROF.<\/td><td>VAGAS<\/td><\/tr><tr><td>TT048<\/td><td>Infraestrutura Vi\u00e1ria<\/td><td>A<\/td><td>M\u00e1rcia de Andrade Pereira Bernardinis<\/td><td>45<\/td><\/tr><tr><td>TT048<\/td><td>Infraestrutura Vi\u00e1ria<\/td><td>B<\/td><td>Edu Jose Franco<\/td><td>45<\/td><\/tr><tr><td>TT048<\/td><td>Infraestrutura Vi\u00e1ria<\/td><td>C<\/td><td>Daniane Franciesca Vicentini<\/td><td>45<\/td><\/tr><tr><td>TT048<\/td><td>Infraestrutura Vi\u00e1ria<\/td><td>D<\/td><td>Joe Arnaldo Villena Del Carpio<\/td><td>45<\/td><\/tr><tr><td>TT048<\/td><td>Infraestrutura Vi\u00e1ria<\/td><td>E<\/td><td>Diego Fernandes Neris<\/td><td>30<\/td><\/tr><tr><td>TT049<\/td><td>Planejamento de Transportes<\/td><td>A<\/td><td>Garrone Reck<\/td><td>45<\/td><\/tr><tr><td>TT049<\/td><td>Planejamento de Transportes<\/td><td>B<\/td><td>Camilo Borges Neto<\/td><td>45<\/td><\/tr><tr><td>TT049<\/td><td>Planejamento de Transportes<\/td><td>C<\/td><td>Diego Fernandes Neris<\/td><td>45<\/td><\/tr><tr><td>TT049<\/td><td>Planejamento de Transportes<\/td><td>D<\/td><td>Jorge Tiago Bastos<\/td><td>45<\/td><\/tr><tr><td>TT047<\/td><td>Equipamentos de Constru\u00e7\u00e3o e Conserva\u00e7\u00e3o<\/td><td>A<\/td><td>Wilson Paulo Bettega<\/td><td>45<\/td><\/tr><tr><td>TT056<\/td><td>Engenharia de Tr\u00e1fego<\/td><td>A<\/td><td>M\u00e1rcia de Andrade Pereira Bernardinis<\/td><td>15<\/td><\/tr><tr><td>TT058<\/td><td>Log\u00edstica de Transporte<\/td><td>A<\/td><td>Anelise Schmitz<\/td><td>30<\/td><\/tr><tr><td>TT062<\/td><td>T\u00f3picos Avan\u00e7ados de Pavimenta\u00e7\u00e3o <\/td><td>A<\/td><td>Joe Arnaldo Villena Del Carpio<\/td><td>45<\/td><\/tr><tr><td>TT064<\/td><td>Projeto de Obras Vi\u00e1rias<\/td><td>A<\/td><td>Mario Henrique Furtado Andrade<\/td><td>20<\/td><\/tr><tr><td>TT066<\/td><td>Ferrovias<\/td><td>A<\/td><td>Camilo Borges Neto<\/td><td>30<\/td><\/tr><tr><td>TT068<\/td><td>Introdu\u00e7\u00e3o \u00e0 Engenharia de Seguran\u00e7a do Trabalho<\/td><td>A<\/td><td>Wilson Paulo Bettega<\/td><td>30<\/td><\/tr><tr><td>TT051<\/td><td>Pavimenta\u00e7\u00e3o<\/td><td>A<\/td><td>Mario Henrique Furtado Andrade<\/td><td>30<\/td><\/tr><tr><td>TT067<\/td><td>Portos e Hidrovias<\/td><td>A<\/td><td>Edu Jose Franco<\/td><td>45<\/td><\/tr><tr><td>TT087<\/td><td>Transportes Sustent\u00e1veis: Uma Introdu\u00e7\u00e3o \u00e0 Mobilidade El\u00e9trica <\/td><td>A<\/td><td>Sergio Tadeu Gon\u00e7alves Munis<\/td><td>40<\/td><\/tr><\/tbody><\/table><\/figure>\n","protected":false},"excerpt":{"rendered":"<p>A Coordena\u00e7\u00e3o do Curso de Engenharia Civil identificou erro na oferta do n\u00famero de vagas de algumas disciplinas. Segue abaixo as disciplinas e o n\u00famero [&hellip;]<\/p>\n","protected":false},"author":1042,"featured_media":0,"comment_status":"open","ping_status":"open","sticky":false,"template":"","format":"standard","meta":{"footnotes":""},"categories":[1],"tags":[],"_links":{"self":[{"href":"https:\/\/tecnologia.ufpr.br\/ccec\/wp-json\/wp\/v2\/posts\/5708"}],"collection":[{"href":"https:\/\/tecnologia.ufpr.br\/ccec\/wp-json\/wp\/v2\/posts"}],"about":[{"href":"https:\/\/tecnologia.ufpr.br\/ccec\/wp-json\/wp\/v2\/types\/post"}],"author":[{"embeddable":true,"href":"https:\/\/tecnologia.ufpr.br\/ccec\/wp-json\/wp\/v2\/users\/1042"}],"replies":[{"embeddable":true,"href":"https:\/\/tecnologia.ufpr.br\/ccec\/wp-json\/wp\/v2\/comments?post=5708"}],"version-history":[{"count":1,"href":"https:\/\/tecnologia.ufpr.br\/ccec\/wp-json\/wp\/v2\/posts\/5708\/revisions"}],"predecessor-version":[{"id":5709,"href":"https:\/\/tecnologia.ufpr.br\/ccec\/wp-json\/wp\/v2\/posts\/5708\/revisions\/5709"}],"wp:attachment":[{"href":"https:\/\/tecnologia.ufpr.br\/ccec\/wp-json\/wp\/v2\/media?parent=5708"}],"wp:term":[{"taxonomy":"category","embeddable":true,"href":"https:\/\/tecnologia.ufpr.br\/ccec\/wp-json\/wp\/v2\/categories?post=5708"},{"taxonomy":"post_tag","embeddable":true,"href":"https:\/\/tecnologia.ufpr.br\/ccec\/wp-json\/wp\/v2\/tags?post=5708"}],"curies":[{"name":"wp","href":"https:\/\/api.w.org\/{rel}","templated":true}]}}