{"id":7693,"date":"2025-07-14T09:34:43","date_gmt":"2025-07-14T12:34:43","guid":{"rendered":"https:\/\/tecnologia.ufpr.br\/ccec\/?p=7693"},"modified":"2025-08-05T14:02:48","modified_gmt":"2025-08-05T17:02:48","slug":"grade-de-horarios-2025-2","status":"publish","type":"post","link":"https:\/\/tecnologia.ufpr.br\/ccec\/en\/2025\/07\/14\/grade-de-horarios-2025-2\/","title":{"rendered":"Grade de hor\u00e1rios 2025-2"},"content":{"rendered":"<p id=\"block-175f15a2-49b2-49a8-86e1-5f7cd8bcff7a\">Consulte aqui a Grade de Disciplinas dispon\u00edveis para matr\u00edcula para o Segundo Semestre de 2025, por curr\u00edculo.<\/p>\n\n\n\n<h3 class=\"wp-block-heading\" id=\"block-364e45ec-1156-4c4e-919c-519dacff6e6b\">Curr\u00edculo Novo (02B-2023)<\/h3>\n\n\n\n<div data-wp-interactive=\"core\/file\" class=\"wp-block-file\"><object data-wp-bind--hidden=\"!state.hasPdfPreview\"  class=\"wp-block-file__embed\" data=\"https:\/\/tecnologia.ufpr.br\/ccec\/wp-content\/uploads\/sites\/32\/2025\/08\/02b-2023-6o-p.pdf\" type=\"application\/pdf\" style=\"width:100%;height:600px\" aria-label=\"Embed of 02B-2023 Per\u00edodo 2025-2.\"><\/object><a id=\"wp-block-file--media-2ec26773-6245-4dc9-a555-ef252a43afb2\" href=\"https:\/\/tecnologia.ufpr.br\/ccec\/wp-content\/uploads\/sites\/32\/2025\/08\/02b-2023-6o-p.pdf\">02B-2023 Per\u00edodo 2025-2<\/a><a href=\"https:\/\/tecnologia.ufpr.br\/ccec\/wp-content\/uploads\/sites\/32\/2025\/08\/02b-2023-6o-p.pdf\" class=\"wp-block-file__button wp-element-button\" download aria-describedby=\"wp-block-file--media-2ec26773-6245-4dc9-a555-ef252a43afb2\">Baixar<\/a><\/div>\n\n\n\n<p>Baixar<\/p>\n\n\n\n<h3 class=\"wp-block-heading\" id=\"block-17ab1e91-bdcc-41eb-a15a-07e5d47fd337\">Curr\u00edculo Antigo(02B-2006)<\/h3>\n\n\n\n<div data-wp-interactive=\"core\/file\" class=\"wp-block-file\"><object data-wp-bind--hidden=\"!state.hasPdfPreview\"  class=\"wp-block-file__embed\" data=\"https:\/\/tecnologia.ufpr.br\/ccec\/wp-content\/uploads\/sites\/32\/2025\/07\/02b-2006-periodo-2025-2.pdf\" type=\"application\/pdf\" style=\"width:100%;height:600px\" aria-label=\"Embed of 02B-2006 Per\u00edodo 2025-2.\"><\/object><a id=\"wp-block-file--media-51ef8ba1-6cc1-463f-b236-5db708b2989e\" href=\"https:\/\/tecnologia.ufpr.br\/ccec\/wp-content\/uploads\/sites\/32\/2025\/07\/02b-2006-periodo-2025-2.pdf\">02B-2006 Per\u00edodo 2025-2<\/a><a href=\"https:\/\/tecnologia.ufpr.br\/ccec\/wp-content\/uploads\/sites\/32\/2025\/07\/02b-2006-periodo-2025-2.pdf\" class=\"wp-block-file__button wp-element-button\" download aria-describedby=\"wp-block-file--media-51ef8ba1-6cc1-463f-b236-5db708b2989e\">Baixar<\/a><\/div>\n\n\n\n<p>Baixar<\/p>\n\n\n\n<p><\/p>\n\n\n\n<p><\/p>\n\n\n\n<p><\/p>","protected":false},"excerpt":{"rendered":"<p>Consulte aqui a Grade de Disciplinas dispon\u00edveis para matr\u00edcula para o Segundo Semestre de 2025, por curr\u00edculo. Curr\u00edculo Novo (02B-2023) Baixar Curr\u00edculo Antigo(02B-2006) Baixar<\/p>","protected":false},"author":1116,"featured_media":0,"comment_status":"open","ping_status":"open","sticky":false,"template":"","format":"standard","meta":{"footnotes":""},"categories":[1],"tags":[],"_links":{"self":[{"href":"https:\/\/tecnologia.ufpr.br\/ccec\/en\/wp-json\/wp\/v2\/posts\/7693"}],"collection":[{"href":"https:\/\/tecnologia.ufpr.br\/ccec\/en\/wp-json\/wp\/v2\/posts"}],"about":[{"href":"https:\/\/tecnologia.ufpr.br\/ccec\/en\/wp-json\/wp\/v2\/types\/post"}],"author":[{"embeddable":true,"href":"https:\/\/tecnologia.ufpr.br\/ccec\/en\/wp-json\/wp\/v2\/users\/1116"}],"replies":[{"embeddable":true,"href":"https:\/\/tecnologia.ufpr.br\/ccec\/en\/wp-json\/wp\/v2\/comments?post=7693"}],"version-history":[{"count":3,"href":"https:\/\/tecnologia.ufpr.br\/ccec\/en\/wp-json\/wp\/v2\/posts\/7693\/revisions"}],"predecessor-version":[{"id":7711,"href":"https:\/\/tecnologia.ufpr.br\/ccec\/en\/wp-json\/wp\/v2\/posts\/7693\/revisions\/7711"}],"wp:attachment":[{"href":"https:\/\/tecnologia.ufpr.br\/ccec\/en\/wp-json\/wp\/v2\/media?parent=7693"}],"wp:term":[{"taxonomy":"category","embeddable":true,"href":"https:\/\/tecnologia.ufpr.br\/ccec\/en\/wp-json\/wp\/v2\/categories?post=7693"},{"taxonomy":"post_tag","embeddable":true,"href":"https:\/\/tecnologia.ufpr.br\/ccec\/en\/wp-json\/wp\/v2\/tags?post=7693"}],"curies":[{"name":"wp","href":"https:\/\/api.w.org\/{rel}","templated":true}]}}