{"id":6930,"date":"2023-09-26T16:19:19","date_gmt":"2023-09-26T19:19:19","guid":{"rendered":"https:\/\/tecnologia.ufpr.br\/ccec\/?p=6930"},"modified":"2023-09-26T16:19:19","modified_gmt":"2023-09-26T19:19:19","slug":"secretaria-em-expediente-interno-04-10-2023","status":"publish","type":"post","link":"https:\/\/tecnologia.ufpr.br\/ccec\/en\/2023\/09\/26\/secretaria-em-expediente-interno-04-10-2023\/","title":{"rendered":"SECRETARIA EM EXPEDIENTE INTERNO &#8211; 04\/10\/2023"},"content":{"rendered":"<p>Comunicamos que dia 04\/10\/2023 (Quarta-feira) a secretaria estar\u00e1 realizando somente expediente INTERNO. N\u00e3o ser\u00e3o realizados atendimentos presenciais nesta data.<\/p>","protected":false},"excerpt":{"rendered":"<p>Comunicamos que dia 04\/10\/2023 (Quarta-feira) a secretaria estar\u00e1 realizando somente expediente INTERNO. N\u00e3o ser\u00e3o realizados atendimentos presenciais nesta data.<\/p>","protected":false},"author":1042,"featured_media":0,"comment_status":"open","ping_status":"open","sticky":false,"template":"","format":"standard","meta":{"footnotes":""},"categories":[1],"tags":[],"_links":{"self":[{"href":"https:\/\/tecnologia.ufpr.br\/ccec\/en\/wp-json\/wp\/v2\/posts\/6930"}],"collection":[{"href":"https:\/\/tecnologia.ufpr.br\/ccec\/en\/wp-json\/wp\/v2\/posts"}],"about":[{"href":"https:\/\/tecnologia.ufpr.br\/ccec\/en\/wp-json\/wp\/v2\/types\/post"}],"author":[{"embeddable":true,"href":"https:\/\/tecnologia.ufpr.br\/ccec\/en\/wp-json\/wp\/v2\/users\/1042"}],"replies":[{"embeddable":true,"href":"https:\/\/tecnologia.ufpr.br\/ccec\/en\/wp-json\/wp\/v2\/comments?post=6930"}],"version-history":[{"count":1,"href":"https:\/\/tecnologia.ufpr.br\/ccec\/en\/wp-json\/wp\/v2\/posts\/6930\/revisions"}],"predecessor-version":[{"id":6931,"href":"https:\/\/tecnologia.ufpr.br\/ccec\/en\/wp-json\/wp\/v2\/posts\/6930\/revisions\/6931"}],"wp:attachment":[{"href":"https:\/\/tecnologia.ufpr.br\/ccec\/en\/wp-json\/wp\/v2\/media?parent=6930"}],"wp:term":[{"taxonomy":"category","embeddable":true,"href":"https:\/\/tecnologia.ufpr.br\/ccec\/en\/wp-json\/wp\/v2\/categories?post=6930"},{"taxonomy":"post_tag","embeddable":true,"href":"https:\/\/tecnologia.ufpr.br\/ccec\/en\/wp-json\/wp\/v2\/tags?post=6930"}],"curies":[{"name":"wp","href":"https:\/\/api.w.org\/{rel}","templated":true}]}}