{"id":6887,"date":"2023-08-14T11:40:17","date_gmt":"2023-08-14T14:40:17","guid":{"rendered":"https:\/\/tecnologia.ufpr.br\/ccec\/?p=6887"},"modified":"2023-08-14T11:40:17","modified_gmt":"2023-08-14T14:40:17","slug":"avaliacao-da-iniciacao-cientifica-e-tecnologica-2023","status":"publish","type":"post","link":"https:\/\/tecnologia.ufpr.br\/ccec\/en\/2023\/08\/14\/avaliacao-da-iniciacao-cientifica-e-tecnologica-2023\/","title":{"rendered":"AVALIA\u00c7\u00c3O DA INICIA\u00c7\u00c3O CIENT\u00cdFICA E TECNOL\u00d3GICA &#8211; 2023"},"content":{"rendered":"<p>Convidamos os estudantes a participarem da Avalia\u00e7\u00e3o da Inicia\u00e7\u00e3o Cient\u00edfica e Tecnol\u00f3gica &#8211; 2023, a ser realizada no per\u00edodo de: 14 a 18\/08\/2023 no SIGA.<\/p>","protected":false},"excerpt":{"rendered":"<p>Convidamos os estudantes a participarem da Avalia\u00e7\u00e3o da Inicia\u00e7\u00e3o Cient\u00edfica e Tecnol\u00f3gica &#8211; 2023, a ser realizada no per\u00edodo de: 14 a 18\/08\/2023 no SIGA.<\/p>","protected":false},"author":1042,"featured_media":0,"comment_status":"open","ping_status":"open","sticky":false,"template":"","format":"standard","meta":{"footnotes":""},"categories":[1],"tags":[],"_links":{"self":[{"href":"https:\/\/tecnologia.ufpr.br\/ccec\/en\/wp-json\/wp\/v2\/posts\/6887"}],"collection":[{"href":"https:\/\/tecnologia.ufpr.br\/ccec\/en\/wp-json\/wp\/v2\/posts"}],"about":[{"href":"https:\/\/tecnologia.ufpr.br\/ccec\/en\/wp-json\/wp\/v2\/types\/post"}],"author":[{"embeddable":true,"href":"https:\/\/tecnologia.ufpr.br\/ccec\/en\/wp-json\/wp\/v2\/users\/1042"}],"replies":[{"embeddable":true,"href":"https:\/\/tecnologia.ufpr.br\/ccec\/en\/wp-json\/wp\/v2\/comments?post=6887"}],"version-history":[{"count":1,"href":"https:\/\/tecnologia.ufpr.br\/ccec\/en\/wp-json\/wp\/v2\/posts\/6887\/revisions"}],"predecessor-version":[{"id":6888,"href":"https:\/\/tecnologia.ufpr.br\/ccec\/en\/wp-json\/wp\/v2\/posts\/6887\/revisions\/6888"}],"wp:attachment":[{"href":"https:\/\/tecnologia.ufpr.br\/ccec\/en\/wp-json\/wp\/v2\/media?parent=6887"}],"wp:term":[{"taxonomy":"category","embeddable":true,"href":"https:\/\/tecnologia.ufpr.br\/ccec\/en\/wp-json\/wp\/v2\/categories?post=6887"},{"taxonomy":"post_tag","embeddable":true,"href":"https:\/\/tecnologia.ufpr.br\/ccec\/en\/wp-json\/wp\/v2\/tags?post=6887"}],"curies":[{"name":"wp","href":"https:\/\/api.w.org\/{rel}","templated":true}]}}