{"id":6759,"date":"2023-03-30T08:51:26","date_gmt":"2023-03-30T11:51:26","guid":{"rendered":"https:\/\/tecnologia.ufpr.br\/ccec\/?p=6759"},"modified":"2023-03-30T08:51:26","modified_gmt":"2023-03-30T11:51:26","slug":"tc033-turma-e-2023-1","status":"publish","type":"post","link":"https:\/\/tecnologia.ufpr.br\/ccec\/en\/2023\/03\/30\/tc033-turma-e-2023-1\/","title":{"rendered":"TC033 &#8211; Turma E &#8211; 2023-1"},"content":{"rendered":"<p>A pedido do Departamento de Constru\u00e7\u00e3o Civil (DCC) houve mudan\u00e7a de dia e hor\u00e1rio para a Turma E. Alterou de ter\u00e7a-feira \u00e0s 9:30h para sexta-feira as 15:30h. <\/p>","protected":false},"excerpt":{"rendered":"<p>A pedido do Departamento de Constru\u00e7\u00e3o Civil (DCC) houve mudan\u00e7a de dia e hor\u00e1rio para a Turma E. Alterou de ter\u00e7a-feira \u00e0s 9:30h para sexta-feira [&hellip;]<\/p>","protected":false},"author":1042,"featured_media":0,"comment_status":"open","ping_status":"open","sticky":false,"template":"","format":"standard","meta":{"footnotes":""},"categories":[1],"tags":[],"_links":{"self":[{"href":"https:\/\/tecnologia.ufpr.br\/ccec\/en\/wp-json\/wp\/v2\/posts\/6759"}],"collection":[{"href":"https:\/\/tecnologia.ufpr.br\/ccec\/en\/wp-json\/wp\/v2\/posts"}],"about":[{"href":"https:\/\/tecnologia.ufpr.br\/ccec\/en\/wp-json\/wp\/v2\/types\/post"}],"author":[{"embeddable":true,"href":"https:\/\/tecnologia.ufpr.br\/ccec\/en\/wp-json\/wp\/v2\/users\/1042"}],"replies":[{"embeddable":true,"href":"https:\/\/tecnologia.ufpr.br\/ccec\/en\/wp-json\/wp\/v2\/comments?post=6759"}],"version-history":[{"count":1,"href":"https:\/\/tecnologia.ufpr.br\/ccec\/en\/wp-json\/wp\/v2\/posts\/6759\/revisions"}],"predecessor-version":[{"id":6760,"href":"https:\/\/tecnologia.ufpr.br\/ccec\/en\/wp-json\/wp\/v2\/posts\/6759\/revisions\/6760"}],"wp:attachment":[{"href":"https:\/\/tecnologia.ufpr.br\/ccec\/en\/wp-json\/wp\/v2\/media?parent=6759"}],"wp:term":[{"taxonomy":"category","embeddable":true,"href":"https:\/\/tecnologia.ufpr.br\/ccec\/en\/wp-json\/wp\/v2\/categories?post=6759"},{"taxonomy":"post_tag","embeddable":true,"href":"https:\/\/tecnologia.ufpr.br\/ccec\/en\/wp-json\/wp\/v2\/tags?post=6759"}],"curies":[{"name":"wp","href":"https:\/\/api.w.org\/{rel}","templated":true}]}}