{"id":4267,"date":"2024-09-17T09:16:10","date_gmt":"2024-09-17T12:16:10","guid":{"rendered":"https:\/\/tecnologia.ufpr.br\/cau\/?p=4267"},"modified":"2024-09-17T09:36:02","modified_gmt":"2024-09-17T12:36:02","slug":"projeto-de-alunos-do-cau-ufpr-recebe-mencao-honrosa-no-17-concurso-cbca-para-estudantes-de-arquitetura-2024","status":"publish","type":"post","link":"https:\/\/tecnologia.ufpr.br\/cau\/2024\/09\/17\/projeto-de-alunos-do-cau-ufpr-recebe-mencao-honrosa-no-17-concurso-cbca-para-estudantes-de-arquitetura-2024\/","title":{"rendered":"Projeto de alunos do CAU-UFPR recebe men\u00e7\u00e3o honrosa no 17\u00b0 CONCURSO CBCA PARA ESTUDANTES DE ARQUITETURA &#8211; 2024"},"content":{"rendered":"<div class=\"wp-block-image\">\n<figure class=\"aligncenter size-full\"><img loading=\"lazy\" decoding=\"async\" width=\"544\" height=\"247\" src=\"https:\/\/tecnologia.ufpr.br\/cau\/wp-content\/uploads\/sites\/45\/2024\/09\/image.png\" alt=\"\" class=\"wp-image-4268\" srcset=\"https:\/\/tecnologia.ufpr.br\/cau\/wp-content\/uploads\/sites\/45\/2024\/09\/image.png 544w, https:\/\/tecnologia.ufpr.br\/cau\/wp-content\/uploads\/sites\/45\/2024\/09\/image-300x136.png 300w, https:\/\/tecnologia.ufpr.br\/cau\/wp-content\/uploads\/sites\/45\/2024\/09\/image-18x8.png 18w, https:\/\/tecnologia.ufpr.br\/cau\/wp-content\/uploads\/sites\/45\/2024\/09\/image-160x73.png 160w\" sizes=\"(max-width: 544px) 100vw, 544px\" \/><\/figure><\/div>\n\n\n<p>O projeto proposto e localizado em Pontal do Paran\u00e1, num dos campi universit\u00e1rios da UFPR recebeu MEN\u00c7\u00c3O HONROSA do j\u00fari da Comiss\u00e3o Julgadora do 17\u00b0 CONCURSO CBCA PARA ESTUDANTES DE ARQUITETURA &#8211; 2024 com o Tema: &#8220;A\u00e7\u00e3o Contra a Mudan\u00e7a Global do Clima (ODS 13)&#8221;. Foram um total de 53 equipes inscritas em todo o Brasil.<\/p>\n\n\n\n<p>\u00c9 com muito orgulho para n\u00f3s, professores quando esses jovens futuros Arquitetos e Arquitetas s\u00e3o reconhecidos no cen\u00e1rio nacional e que est\u00e3o preparados para enfrentar desafios em todo o universo da arquitetura, do urbanismo, do paisagismo e principalmente da VIDA! Equipe dos alunos do Curso de Arquitetura e Urbanismo da UFPR: Gabriel Castro Osachuki, Isabel Massola Scarioti, J\u00falia Oliveira Rodrigues e Raul Comelli Pizzato. Professor Orientador: Silvio Parucker e Professora Coorientadora: Maria Regina Leoni Schmid Sarro.<\/p>\n\n\n\n<p>Para mais informa\u00e7\u00f5es sobre o 17\u00b0 CONCURSO CBCA PARA ESTUDANTES DE ARQUITETURA &#8211; 2024, clique no seguinte link: <a href=\"https:\/\/www.cbca-acobrasil.org.br\/arquitetura\/vencedores.php\">https:\/\/www.cbca-acobrasil.org.br\/arquitetura\/vencedores.php<\/a><\/p>\n\n\n\n<p>Texto escrito pelo Prof. Silvio Parucker.<\/p>\n","protected":false},"excerpt":{"rendered":"<p>O projeto proposto e localizado em Pontal do Paran\u00e1, num dos campi universit\u00e1rios da UFPR recebeu MEN\u00c7\u00c3O HONROSA do j\u00fari da Comiss\u00e3o Julgadora do 17\u00b0 CONCURSO CBCA PARA ESTUDANTES DE ARQUITETURA &#8211; 2024 com o Tema: &#8220;A\u00e7\u00e3o Contra a Mudan\u00e7a Global do Clima (ODS 13)&#8221;. Foram um total de 53 equipes inscritas em todo o [&hellip;]<\/p>\n","protected":false},"author":1077,"featured_media":0,"comment_status":"open","ping_status":"open","sticky":false,"template":"","format":"standard","meta":{"footnotes":""},"categories":[12,77],"tags":[],"_links":{"self":[{"href":"https:\/\/tecnologia.ufpr.br\/cau\/wp-json\/wp\/v2\/posts\/4267"}],"collection":[{"href":"https:\/\/tecnologia.ufpr.br\/cau\/wp-json\/wp\/v2\/posts"}],"about":[{"href":"https:\/\/tecnologia.ufpr.br\/cau\/wp-json\/wp\/v2\/types\/post"}],"author":[{"embeddable":true,"href":"https:\/\/tecnologia.ufpr.br\/cau\/wp-json\/wp\/v2\/users\/1077"}],"replies":[{"embeddable":true,"href":"https:\/\/tecnologia.ufpr.br\/cau\/wp-json\/wp\/v2\/comments?post=4267"}],"version-history":[{"count":2,"href":"https:\/\/tecnologia.ufpr.br\/cau\/wp-json\/wp\/v2\/posts\/4267\/revisions"}],"predecessor-version":[{"id":4270,"href":"https:\/\/tecnologia.ufpr.br\/cau\/wp-json\/wp\/v2\/posts\/4267\/revisions\/4270"}],"wp:attachment":[{"href":"https:\/\/tecnologia.ufpr.br\/cau\/wp-json\/wp\/v2\/media?parent=4267"}],"wp:term":[{"taxonomy":"category","embeddable":true,"href":"https:\/\/tecnologia.ufpr.br\/cau\/wp-json\/wp\/v2\/categories?post=4267"},{"taxonomy":"post_tag","embeddable":true,"href":"https:\/\/tecnologia.ufpr.br\/cau\/wp-json\/wp\/v2\/tags?post=4267"}],"curies":[{"name":"wp","href":"https:\/\/api.w.org\/{rel}","templated":true}]}}