{"id":3754,"date":"2022-10-19T13:54:34","date_gmt":"2022-10-19T16:54:34","guid":{"rendered":"https:\/\/tecnologia.ufpr.br\/cau\/?p=3754"},"modified":"2022-10-19T13:57:35","modified_gmt":"2022-10-19T16:57:35","slug":"palestra-do-prof-hugo-segawa-fauusp","status":"publish","type":"post","link":"https:\/\/tecnologia.ufpr.br\/cau\/2022\/10\/19\/palestra-do-prof-hugo-segawa-fauusp\/","title":{"rendered":"Palestra do Prof. Hugo Segawa (FAUUSP)"},"content":{"rendered":"\n<p>No dia 21 de outubro, sexta-feira, o CAU\/UFPR promover\u00e1 a palestra do Prof. Hugo Segawa (FAUUSP) em comemora\u00e7\u00e3o dos 60 anos do CAU\/UFPR. <br><br>Palestra: <strong>3 ARQUITETURAS: Brasil profundo, metropolitano, social.<\/strong><br>Palestrante: Prof. Hugo Segawa (FAUUSP)<br>Data: 21\/10\/2022<br>Hor\u00e1rio: 19h00<br>Local: Audit\u00f3rio do Setor de Tecnologia<\/p>\n\n\n\n<p>Inscri\u00e7\u00f5es gratuitas pelo link:<a rel=\"noreferrer noopener\" href=\"https:\/\/www.even3.com.br\/hugo-segawa_cau-ufpr-60-anos\" target=\"_blank\">https:\/\/www.even3.com.br\/hugo-segawa_cau-ufpr-60-anos<\/a><\/p>\n\n\n\n<figure class=\"wp-block-image size-large\"><img loading=\"lazy\" decoding=\"async\" width=\"1024\" height=\"1024\" src=\"https:\/\/tecnologia.ufpr.br\/cau\/wp-content\/uploads\/sites\/45\/2022\/10\/WhatsApp-Image-2022-10-13-at-09.10.13-1-1024x1024.jpeg\" alt=\"\" class=\"wp-image-3757\" srcset=\"https:\/\/tecnologia.ufpr.br\/cau\/wp-content\/uploads\/sites\/45\/2022\/10\/WhatsApp-Image-2022-10-13-at-09.10.13-1-1024x1024.jpeg 1024w, https:\/\/tecnologia.ufpr.br\/cau\/wp-content\/uploads\/sites\/45\/2022\/10\/WhatsApp-Image-2022-10-13-at-09.10.13-1-300x300.jpeg 300w, https:\/\/tecnologia.ufpr.br\/cau\/wp-content\/uploads\/sites\/45\/2022\/10\/WhatsApp-Image-2022-10-13-at-09.10.13-1-150x150.jpeg 150w, https:\/\/tecnologia.ufpr.br\/cau\/wp-content\/uploads\/sites\/45\/2022\/10\/WhatsApp-Image-2022-10-13-at-09.10.13-1-768x768.jpeg 768w, https:\/\/tecnologia.ufpr.br\/cau\/wp-content\/uploads\/sites\/45\/2022\/10\/WhatsApp-Image-2022-10-13-at-09.10.13-1-120x120.jpeg 120w, https:\/\/tecnologia.ufpr.br\/cau\/wp-content\/uploads\/sites\/45\/2022\/10\/WhatsApp-Image-2022-10-13-at-09.10.13-1.jpeg 1080w\" sizes=\"(max-width: 1024px) 100vw, 1024px\" \/><\/figure>\n\n\n\n<p><br><\/p>\n","protected":false},"excerpt":{"rendered":"<p>No dia 21 de outubro, sexta-feira, o CAU\/UFPR promover\u00e1 a palestra do Prof. Hugo Segawa (FAUUSP) em comemora\u00e7\u00e3o dos 60 anos do CAU\/UFPR. Palestra: 3 ARQUITETURAS: Brasil profundo, metropolitano, social.Palestrante: Prof. Hugo Segawa (FAUUSP)Data: 21\/10\/2022Hor\u00e1rio: 19h00Local: Audit\u00f3rio do Setor de Tecnologia Inscri\u00e7\u00f5es gratuitas pelo link:https:\/\/www.even3.com.br\/hugo-segawa_cau-ufpr-60-anos<\/p>\n","protected":false},"author":1077,"featured_media":0,"comment_status":"open","ping_status":"open","sticky":false,"template":"","format":"standard","meta":{"footnotes":""},"categories":[23],"tags":[],"_links":{"self":[{"href":"https:\/\/tecnologia.ufpr.br\/cau\/wp-json\/wp\/v2\/posts\/3754"}],"collection":[{"href":"https:\/\/tecnologia.ufpr.br\/cau\/wp-json\/wp\/v2\/posts"}],"about":[{"href":"https:\/\/tecnologia.ufpr.br\/cau\/wp-json\/wp\/v2\/types\/post"}],"author":[{"embeddable":true,"href":"https:\/\/tecnologia.ufpr.br\/cau\/wp-json\/wp\/v2\/users\/1077"}],"replies":[{"embeddable":true,"href":"https:\/\/tecnologia.ufpr.br\/cau\/wp-json\/wp\/v2\/comments?post=3754"}],"version-history":[{"count":2,"href":"https:\/\/tecnologia.ufpr.br\/cau\/wp-json\/wp\/v2\/posts\/3754\/revisions"}],"predecessor-version":[{"id":3758,"href":"https:\/\/tecnologia.ufpr.br\/cau\/wp-json\/wp\/v2\/posts\/3754\/revisions\/3758"}],"wp:attachment":[{"href":"https:\/\/tecnologia.ufpr.br\/cau\/wp-json\/wp\/v2\/media?parent=3754"}],"wp:term":[{"taxonomy":"category","embeddable":true,"href":"https:\/\/tecnologia.ufpr.br\/cau\/wp-json\/wp\/v2\/categories?post=3754"},{"taxonomy":"post_tag","embeddable":true,"href":"https:\/\/tecnologia.ufpr.br\/cau\/wp-json\/wp\/v2\/tags?post=3754"}],"curies":[{"name":"wp","href":"https:\/\/api.w.org\/{rel}","templated":true}]}}