{"id":3543,"date":"2022-08-15T15:58:49","date_gmt":"2022-08-15T18:58:49","guid":{"rendered":"https:\/\/tecnologia.ufpr.br\/cau\/?p=3543"},"modified":"2022-08-24T12:57:42","modified_gmt":"2022-08-24T15:57:42","slug":"divulgacao-vaga-de-estagio-3","status":"publish","type":"post","link":"https:\/\/tecnologia.ufpr.br\/cau\/2022\/08\/15\/divulgacao-vaga-de-estagio-3\/","title":{"rendered":"Divulga\u00e7\u00e3o: Vaga de est\u00e1gio"},"content":{"rendered":"\n<p><strong>Trabalho remoto<\/strong> (\u201chome office\u201d) \/ <strong>hor\u00e1rio flex\u00edvel<\/strong><br>\u2022 Habilidade avan\u00e7ada em AutoCad<br>\u2022 Conhecimento de projeto legal e projeto executivo + detalhamento.<br>\u2022 Habilidade em renderiza\u00e7\u00e3o e modelagem 3D em Blender ou outros softwares \u00e9 desej\u00e1vel.<br>\u300b Informa\u00e7\u00f5es com arquiteto Oscar Fergutz \u2013 41 998761114 \u300a<\/p>\n","protected":false},"excerpt":{"rendered":"<p>Trabalho remoto (\u201chome office\u201d) \/ hor\u00e1rio flex\u00edvel\u2022 Habilidade avan\u00e7ada em AutoCad\u2022 Conhecimento de projeto legal e projeto executivo + detalhamento.\u2022 Habilidade em renderiza\u00e7\u00e3o e modelagem 3D em Blender ou outros softwares \u00e9 desej\u00e1vel.\u300b Informa\u00e7\u00f5es com arquiteto Oscar Fergutz \u2013 41 998761114 \u300a<\/p>\n","protected":false},"author":1077,"featured_media":0,"comment_status":"open","ping_status":"open","sticky":false,"template":"","format":"standard","meta":{"footnotes":""},"categories":[79,76],"tags":[],"_links":{"self":[{"href":"https:\/\/tecnologia.ufpr.br\/cau\/wp-json\/wp\/v2\/posts\/3543"}],"collection":[{"href":"https:\/\/tecnologia.ufpr.br\/cau\/wp-json\/wp\/v2\/posts"}],"about":[{"href":"https:\/\/tecnologia.ufpr.br\/cau\/wp-json\/wp\/v2\/types\/post"}],"author":[{"embeddable":true,"href":"https:\/\/tecnologia.ufpr.br\/cau\/wp-json\/wp\/v2\/users\/1077"}],"replies":[{"embeddable":true,"href":"https:\/\/tecnologia.ufpr.br\/cau\/wp-json\/wp\/v2\/comments?post=3543"}],"version-history":[{"count":3,"href":"https:\/\/tecnologia.ufpr.br\/cau\/wp-json\/wp\/v2\/posts\/3543\/revisions"}],"predecessor-version":[{"id":3548,"href":"https:\/\/tecnologia.ufpr.br\/cau\/wp-json\/wp\/v2\/posts\/3543\/revisions\/3548"}],"wp:attachment":[{"href":"https:\/\/tecnologia.ufpr.br\/cau\/wp-json\/wp\/v2\/media?parent=3543"}],"wp:term":[{"taxonomy":"category","embeddable":true,"href":"https:\/\/tecnologia.ufpr.br\/cau\/wp-json\/wp\/v2\/categories?post=3543"},{"taxonomy":"post_tag","embeddable":true,"href":"https:\/\/tecnologia.ufpr.br\/cau\/wp-json\/wp\/v2\/tags?post=3543"}],"curies":[{"name":"wp","href":"https:\/\/api.w.org\/{rel}","templated":true}]}}