{"id":3534,"date":"2022-07-19T15:07:20","date_gmt":"2022-07-19T18:07:20","guid":{"rendered":"https:\/\/tecnologia.ufpr.br\/cau\/?p=3534"},"modified":"2022-07-19T15:08:30","modified_gmt":"2022-07-19T18:08:30","slug":"inscricoes-abertas-para-pva-maquetaria-2022","status":"publish","type":"post","link":"https:\/\/tecnologia.ufpr.br\/cau\/2022\/07\/19\/inscricoes-abertas-para-pva-maquetaria-2022\/","title":{"rendered":"Vaga para PVA &#8211; Maquetaria 2022"},"content":{"rendered":"\n<figure class=\"wp-block-image size-large is-resized\"><img loading=\"lazy\" decoding=\"async\" src=\"https:\/\/tecnologia.ufpr.br\/cau\/wp-content\/uploads\/sites\/45\/2022\/07\/PVA-Maquetaria-724x1024.jpg\" alt=\"\" class=\"wp-image-3535\" width=\"543\" height=\"768\" srcset=\"https:\/\/tecnologia.ufpr.br\/cau\/wp-content\/uploads\/sites\/45\/2022\/07\/PVA-Maquetaria-724x1024.jpg 724w, https:\/\/tecnologia.ufpr.br\/cau\/wp-content\/uploads\/sites\/45\/2022\/07\/PVA-Maquetaria-212x300.jpg 212w, https:\/\/tecnologia.ufpr.br\/cau\/wp-content\/uploads\/sites\/45\/2022\/07\/PVA-Maquetaria-768x1086.jpg 768w, https:\/\/tecnologia.ufpr.br\/cau\/wp-content\/uploads\/sites\/45\/2022\/07\/PVA-Maquetaria-1086x1536.jpg 1086w, https:\/\/tecnologia.ufpr.br\/cau\/wp-content\/uploads\/sites\/45\/2022\/07\/PVA-Maquetaria-85x120.jpg 85w, https:\/\/tecnologia.ufpr.br\/cau\/wp-content\/uploads\/sites\/45\/2022\/07\/PVA-Maquetaria.jpg 1414w\" sizes=\"(max-width: 543px) 100vw, 543px\" \/><\/figure>\n\n\n\n<p>O Programa de Voluntariado Acad\u00eamico visa oportunizar a participa\u00e7\u00e3o do corpo discente em atividades acad\u00eamicas de natureza educacional e cient\u00edfica, sob a orienta\u00e7\u00e3o de um (a) Professor (a),\u00a0<strong>no \u00e2mbito da Universidade Federal do Paran\u00e1<\/strong>. A participa\u00e7\u00e3o do (a) estudante no PVA \u00e9 regulamentada pela\u00a0<strong>Resolu\u00e7\u00e3o n. 76\/09 \u2013 CEPE<\/strong>\u00a0e n\u00e3o gera v\u00ednculo empregat\u00edcio, obriga\u00e7\u00f5es trabalhistas, previdenci\u00e1rias ou afins, conforme a legisla\u00e7\u00e3o em vigor.<br><strong>Podem participar do Programa de Voluntariado Acad\u00eamico os (as) alunos (as) regularmente matriculados (as) em cursos de gradua\u00e7\u00e3o ou profissionalizantes da UFPR<\/strong>.\u00a0A participa\u00e7\u00e3o do (a) estudante no PVA, comprovada mediante certifica\u00e7\u00e3o, ser\u00e1 considerada como atividade formativa complementar, desde que haja previs\u00e3o para tanto no projeto pedag\u00f3gico do seu respectivo curso.<\/p>\n\n\n\n<p>Para mais informa\u00e7\u00f5es, acesse o seguinte link:\u00a0<a href=\"http:\/\/www.prograd.ufpr.br\/coafe\/uaf\/pva\/\">http:\/\/www.prograd.ufpr.br\/coafe\/uaf\/pva\/<\/a><\/p>\n\n\n\n<p>O Laborat\u00f3rio de Maquetes est\u00e1 com vaga aberta para o PVA 2022. O Laborat\u00f3rio de Maquetes pertence ao Departamento de Arquitetura e Urbanismo. Nele, os alunos do curso de Arquitetura e Urbanismo realizam&nbsp; a produ\u00e7\u00e3o de maquetes de&nbsp; acordo com projetos orientados pelos professores nas diferentes mat\u00e9rias&nbsp;e per\u00edodos do curso de Arquitetura e Urbanismo. Tendo como fun\u00e7\u00e3o dar suporte aos alunos com equipamentos e materiais dispon\u00edveis,&nbsp;orientando quais os m\u00e9todos mais adequados para realiza\u00e7\u00e3o dos projetos.<\/p>\n\n\n\n<p>Pr\u00e9-requisitos para participar do PVA: alunos de gradua\u00e7\u00e3o do curso de Arquitetura e Urbanismo&nbsp; &#8211; a partir do 2\u00ba ano.&nbsp;&nbsp;<\/p>\n\n\n\n<p>Os interessados devem preencher o formul\u00e1rio eletr\u00f4nico, clicando <a href=\"https:\/\/forms.gle\/GrepuiV2d4ZnS86c7\">aqui <\/a>para acess\u00e1-lo, e entregarem impresso para o Marcelo, t\u00e9cnico respons\u00e1vel pelo Laborat\u00f3rio de Maquetes. O per\u00edodo de inscri\u00e7\u00f5es \u00e9 de\u00a025\/07\/2022 a 05\/08\/2022.<\/p>\n","protected":false},"excerpt":{"rendered":"<p>O Programa de Voluntariado Acad\u00eamico visa oportunizar a participa\u00e7\u00e3o do corpo discente em atividades acad\u00eamicas de natureza educacional e cient\u00edfica, sob a orienta\u00e7\u00e3o de um (a) Professor (a),\u00a0no \u00e2mbito da Universidade Federal do Paran\u00e1. A participa\u00e7\u00e3o do (a) estudante no PVA \u00e9 regulamentada pela\u00a0Resolu\u00e7\u00e3o n. 76\/09 \u2013 CEPE\u00a0e n\u00e3o gera v\u00ednculo empregat\u00edcio, obriga\u00e7\u00f5es trabalhistas, previdenci\u00e1rias [&hellip;]<\/p>\n","protected":false},"author":1077,"featured_media":0,"comment_status":"open","ping_status":"open","sticky":false,"template":"","format":"standard","meta":{"footnotes":""},"categories":[79,96],"tags":[],"_links":{"self":[{"href":"https:\/\/tecnologia.ufpr.br\/cau\/wp-json\/wp\/v2\/posts\/3534"}],"collection":[{"href":"https:\/\/tecnologia.ufpr.br\/cau\/wp-json\/wp\/v2\/posts"}],"about":[{"href":"https:\/\/tecnologia.ufpr.br\/cau\/wp-json\/wp\/v2\/types\/post"}],"author":[{"embeddable":true,"href":"https:\/\/tecnologia.ufpr.br\/cau\/wp-json\/wp\/v2\/users\/1077"}],"replies":[{"embeddable":true,"href":"https:\/\/tecnologia.ufpr.br\/cau\/wp-json\/wp\/v2\/comments?post=3534"}],"version-history":[{"count":3,"href":"https:\/\/tecnologia.ufpr.br\/cau\/wp-json\/wp\/v2\/posts\/3534\/revisions"}],"predecessor-version":[{"id":3538,"href":"https:\/\/tecnologia.ufpr.br\/cau\/wp-json\/wp\/v2\/posts\/3534\/revisions\/3538"}],"wp:attachment":[{"href":"https:\/\/tecnologia.ufpr.br\/cau\/wp-json\/wp\/v2\/media?parent=3534"}],"wp:term":[{"taxonomy":"category","embeddable":true,"href":"https:\/\/tecnologia.ufpr.br\/cau\/wp-json\/wp\/v2\/categories?post=3534"},{"taxonomy":"post_tag","embeddable":true,"href":"https:\/\/tecnologia.ufpr.br\/cau\/wp-json\/wp\/v2\/tags?post=3534"}],"curies":[{"name":"wp","href":"https:\/\/api.w.org\/{rel}","templated":true}]}}