{"id":3340,"date":"2022-05-13T10:16:30","date_gmt":"2022-05-13T13:16:30","guid":{"rendered":"https:\/\/tecnologia.ufpr.br\/cau\/?p=3340"},"modified":"2022-06-15T15:29:39","modified_gmt":"2022-06-15T18:29:39","slug":"fichas-02-das-disciplinas-do-primeiro-semestre-letivo-de-2022","status":"publish","type":"post","link":"https:\/\/tecnologia.ufpr.br\/cau\/2022\/05\/13\/fichas-02-das-disciplinas-do-primeiro-semestre-letivo-de-2022\/","title":{"rendered":"Fichas 02 das Disciplinas do Primeiro Semestre Letivo de 2022"},"content":{"rendered":"\n<p>Seguem abaixo as&nbsp;<strong>Fichas 02<\/strong>&nbsp;das disciplinas do&nbsp;<strong>primeiro semestre letivo de 2022<\/strong>. As&nbsp;<strong>matr\u00edculas<\/strong>&nbsp;ser\u00e3o entre os dias&nbsp;<strong>21 a 25 de maio<\/strong>&nbsp;de 2022.<\/p>\n\n\n\n<h3 class=\"wp-block-heading\">Projeto e Paisagem<\/h3>\n\n\n\n<p><a href=\"https:\/\/tecnologia.ufpr.br\/cau\/wp-content\/uploads\/sites\/45\/2022\/05\/TA114-Informatica-na-Arquitetura-Prof.-Rudnei-Campos.pdf\">TA114 &#8211; Inform\u00e1tica na Arquitetura &#8211; Prof. Rudnei Campos<\/a><br><a href=\"https:\/\/tecnologia.ufpr.br\/cau\/wp-content\/uploads\/sites\/45\/2022\/05\/TA199-Desenho-Arquitetonico-I-Profa.-Marina-Oba.pdf\">TA199 \u2013 Desenho Arquitet\u00f4nico I \u2013 Profa. Marina Oba<\/a><br><a href=\"https:\/\/tecnologia.ufpr.br\/cau\/wp-content\/uploads\/sites\/45\/2022\/05\/TA199-Desenho-Arquitetonico-I-Prof.-Rafael-Cartana.pdf\">TA199 \u2013 Desenho Arquitet\u00f4nico I \u2013 Prof. Rafael Cartana<\/a><br><a href=\"https:\/\/tecnologia.ufpr.br\/cau\/wp-content\/uploads\/sites\/45\/2022\/05\/TA201-Estudos-da-Forma-Prof.-Marco-Dudeque.pdf\">TA201 \u2013 Estudos da Forma \u2013 Prof. Marco Dudeque<\/a><br><a href=\"https:\/\/tecnologia.ufpr.br\/cau\/wp-content\/uploads\/sites\/45\/2022\/05\/TA201-Estudos-da-Forma-Profa.-Silvana-Weihermann.pdf\">TA201 \u2013 Estudos da Forma \u2013 Profa. Silvana Weihermann<\/a><br><a href=\"https:\/\/tecnologia.ufpr.br\/cau\/wp-content\/uploads\/sites\/45\/2022\/05\/TA101-Arquitetura-I-Prof.-Artur-Ortega.pdf\">TA101 \u2013 Arquitetura I \u2013 Prof. Artur Ortega<\/a><br><a href=\"https:\/\/tecnologia.ufpr.br\/cau\/wp-content\/uploads\/sites\/45\/2022\/05\/TA101-Arquitetura-I-Prof.-Cervantes-Ayres-Filho-1.pdf\">TA101 \u2013 Arquitetura I \u2013 Prof. Cervantes Ayres Filho<\/a><br><a href=\"https:\/\/tecnologia.ufpr.br\/cau\/wp-content\/uploads\/sites\/45\/2022\/05\/TA101-Arquitetura-I-Profa.-Andrea-Berriel.pdf\">TA101 \u2013 Arquitetura I \u2013 Profa. Andrea Berriel<\/a><br><a href=\"https:\/\/tecnologia.ufpr.br\/cau\/wp-content\/uploads\/sites\/45\/2022\/05\/TA109-Paisagismo-I-Prof.-Alessandro-filla.pdf\">TA109 \u2013 Paisagismo I \u2013 Prof. Alessandro Filla<\/a><br><a href=\"https:\/\/tecnologia.ufpr.br\/cau\/wp-content\/uploads\/sites\/45\/2022\/05\/TA103-Arquitetura-II-Profs.-Lisana-Schmitz_Paulo-Chiesa_e_Paulo-Pacheco.pdf\">TA103 \u2013 Arquitetura II \u2013 Profs. Lisana Schmitz_Paulo Chiesa_e_Paulo Pacheco<\/a><br><a href=\"https:\/\/tecnologia.ufpr.br\/cau\/wp-content\/uploads\/sites\/45\/2022\/05\/TA110-Paisagismo-II-Prof.-Roberto-Sabatella-Adam.pdf\">TA110 \u2013 Paisagismo II \u2013 Prof. Roberto Sabatella Adam<\/a><br><a href=\"https:\/\/tecnologia.ufpr.br\/cau\/wp-content\/uploads\/sites\/45\/2022\/05\/TA-105-Arquitetura-III-Prof.-Emerson-Vidigal.pdf\">TA 105 \u2013 Arquitetura III \u2013 Prof. Emerson Vidigal<\/a><br><a href=\"https:\/\/tecnologia.ufpr.br\/cau\/wp-content\/uploads\/sites\/45\/2022\/05\/TA106-Arquitetura_IV-Profs.-Eneida-Kuchpil-e-Silvio-Parucker.pdf\">TA106 \u2013 Arquitetura IV \u2013 Profs. Eneida Kuchpil e Silvio Parucker<\/a><br><a href=\"https:\/\/tecnologia.ufpr.br\/cau\/wp-content\/uploads\/sites\/45\/2022\/05\/TA203-Arquitetura-V-Prof.-Marco-Dudeque.pdf\">TA203 \u2013 Arquitetura V \u2013 Prof. Marco Dudeque<\/a><\/p>\n\n\n\n<h3 class=\"wp-block-heading\">Urbanismo<\/h3>\n\n\n\n<p><a href=\"https:\/\/tecnologia.ufpr.br\/cau\/wp-content\/uploads\/sites\/45\/2022\/05\/TA116-Cidade-e-Meio-Ambiente-I-Profa.-Cristina-de-Araujo-Lima-Turma-A.pdf\">TA116 &#8211; Cidade e Meio Ambiente I &#8211; Profa. Cristina de Ara\u00fajo Lima &#8211; Turma A<\/a><br><a href=\"https:\/\/tecnologia.ufpr.br\/cau\/wp-content\/uploads\/sites\/45\/2022\/05\/TA-116-Cidade-e-Meio-Ambiente-I-Turma-B.pdf\">TA116 &#8211; Cidade e Meio Ambiente I &#8211; Profa. Cristina de Ara\u00fajo Lima &#8211; Turma B<\/a><br><a href=\"https:\/\/tecnologia.ufpr.br\/cau\/wp-content\/uploads\/sites\/45\/2022\/05\/TA122-Estudos-Urbanos-e-Regionais-I-Profa.-Madianita-Nunes-Turma-A.pdf\">TA122 &#8211; Estudos Urbanos e Regionais I \u2013 Profa. Madianita Nunes &#8211; Turma A<\/a><br><a href=\"https:\/\/tecnologia.ufpr.br\/cau\/wp-content\/uploads\/sites\/45\/2022\/05\/TA122-Estudos-Urbanos-e-Regionais-I-\u2013-Profa.-Madianita-Nunes-Turma-B.pdf\">TA122 &#8211; Estudos Urbanos e Regionais I \u2013 Profa. Madianita Nunes &#8211; Turma B<\/a><br><a href=\"https:\/\/tecnologia.ufpr.br\/cau\/wp-content\/uploads\/sites\/45\/2022\/05\/TA-119-Desenho-Urbano-II-Profa.-Leticia-Gadens-Turma-A.pdf\">TA 119 &#8211; Desenho Urbano II &#8211; Profa. Let\u00edcia Gadens &#8211; Turma A<\/a><br><a href=\"https:\/\/tecnologia.ufpr.br\/cau\/wp-content\/uploads\/sites\/45\/2022\/05\/TA-119-Desenho-Urbano-II-Profa.-Maria-Carolina-Maziviero-Turma-B.pdf\">TA 119 &#8211; Desenho Urbano II &#8211; Profa. Maria Carolina Maziviero &#8211; Turma B<\/a><br><a href=\"https:\/\/tecnologia.ufpr.br\/cau\/wp-content\/uploads\/sites\/45\/2022\/05\/TA-119-Desenho-Urbano-II-Profa.-Marcelo-Andreoli-Turma-C.pdf\">TA 119 &#8211; Desenho Urbano II &#8211; Profa. Marcelo Andreoli &#8211; Turma C<\/a><br><a href=\"https:\/\/tecnologia.ufpr.br\/cau\/wp-content\/uploads\/sites\/45\/2022\/05\/TA-124-Planejamento-Urbano-e-Regional-I-Profa.-Leticia-Gadens-Turma-A.pdf\">TA 124 &#8211; Planejamento Urbano e Regional I &#8211; Profa. Let\u00edcia Gadens &#8211; Turma A<\/a><br><a href=\"https:\/\/tecnologia.ufpr.br\/cau\/wp-content\/uploads\/sites\/45\/2022\/05\/TA-124-Planejamento-Urbano-e-Regional-I-Profa.-Madianite-Nunes-Turma-B.pdf\">TA 124 &#8211; Planejamento Urbano e Regional I &#8211; Profa. Madianita Nunes &#8211; Turma B<\/a><br><a href=\"https:\/\/tecnologia.ufpr.br\/cau\/wp-content\/uploads\/sites\/45\/2022\/05\/TA-124-Planejamento-Urbano-e-Regional-I-Profa.-Marcelo-Andreoli-Turma-C.pdf\">TA 124 &#8211; Planejamento Urbano e Regional I &#8211; Profa. Marcelo Andreoli &#8211; Turma C<\/a><br><a href=\"https:\/\/tecnologia.ufpr.br\/cau\/wp-content\/uploads\/sites\/45\/2022\/05\/TA-121-Denho-Urbano-IV-Profa.-Maria-Carolina-Maziviero.pdf\">TA 121 &#8211; Denho Urbano IV &#8211; Profa. Maria Carolina Maziviero<\/a><br><a href=\"https:\/\/tecnologia.ufpr.br\/cau\/wp-content\/uploads\/sites\/45\/2022\/05\/TA-183-Dinamicas-Urbanas-Profa.-Cristina-de-Araujo-Lima.pdf\">TA 183 &#8211; Din\u00e2micas Urbanas &#8211; Profa. Cristina de Ara\u00fajo Lima<\/a><br><a href=\"https:\/\/tecnologia.ufpr.br\/cau\/wp-content\/uploads\/sites\/45\/2022\/05\/TA157-Topicos-Especiais-em-Urbanismo-III-Profa.-Maria-Carolina-Maziviero.pdf\">TA157 &#8211; T\u00f3picos Especiais em Urbanismo III &#8211; Profa. Maria Carolina Maziviero<\/a><\/p>\n\n\n\n<h3 class=\"wp-block-heading\">Teoria e Hist\u00f3ria<\/h3>\n\n\n\n<p><a href=\"https:\/\/tecnologia.ufpr.br\/cau\/wp-content\/uploads\/sites\/45\/2022\/05\/TA189-Fundamentos-da-Arquitetura-I-Prof.-Antonio-Castelnou.pdf\">TA189 \u2013 Fundamentos da Arquitetura I \u2013 Prof. Antonio Castelnou<\/a><br><a href=\"https:\/\/tecnologia.ufpr.br\/cau\/wp-content\/uploads\/sites\/45\/2022\/05\/TA091-Teoria-e-Historia-da-Arquitetura-I-Profa.-Juliana-Suzuki.pdf\">TA091 \u2013 Teoria e Hist\u00f3ria da Arquitetura I \u2013 Profa. Juliana Suzuki<\/a><br><a href=\"https:\/\/tecnologia.ufpr.br\/cau\/wp-content\/uploads\/sites\/45\/2022\/05\/TA087-Historia-da-Arte-I-Prof.-Antonio-Castelnou.pdf\">TA087 \u2013 Hist\u00f3ria da Arte I \u2013 Prof. Antonio Castelnou<\/a><br><a href=\"https:\/\/tecnologia.ufpr.br\/cau\/wp-content\/uploads\/sites\/45\/2022\/05\/TA093-Teoria-e-Historia-da-Arquitetura-III-Prof.-Rodrigo-Jabur.pdf\">TA093 \u2013 Teoria e Hist\u00f3ria da Arquitetura III \u2013 Prof. Rodrigo Jabur<\/a><br><a href=\"https:\/\/tecnologia.ufpr.br\/cau\/wp-content\/uploads\/sites\/45\/2022\/05\/TA089-Historia-da-Cidade-I-Profa.-Elizabeth-Amorim-de-Castro.pdf\">TA089 \u2013 Hist\u00f3ria da Cidade I \u2013 Profa. Elizabeth Amorim de Castro<\/a><br><a href=\"https:\/\/tecnologia.ufpr.br\/cau\/wp-content\/uploads\/sites\/45\/2022\/05\/TA095-Arquitetura-Brasileira-I-Profa.-Juliana-Suzuki.pdf\">TA095 \u2013 Arquitetura Brasileira I \u2013 Profa. Juliana Suzuki<\/a><br><a href=\"https:\/\/tecnologia.ufpr.br\/cau\/wp-content\/uploads\/sites\/45\/2022\/05\/TA097-Patrimonio-e-Tecnicas-Retrospectivas-I-Profa.-Elizabeth-Amorim-de-Castro.pdf\">TA097 \u2013 Patrim\u00f4nio e T\u00e9cnicas Retrospectivas I \u2013 Profa. Elizabeth Amorim de Castro<\/a><br><a href=\"https:\/\/tecnologia.ufpr.br\/cau\/wp-content\/uploads\/sites\/45\/2022\/05\/TA192-Arquitetura-Escolar-do-Parana-Profa.-Elizabeth-Amorim-de-Castro.pdf\">TA192 \u2013 Arquitetura Escolar do Paran\u00e1 \u2013 Profa. Elizabeth Amorim de Castro<\/a><\/p>\n\n\n\n<h3 class=\"wp-block-heading\">Tecnologia<\/h3>\n\n\n\n<p><a href=\"https:\/\/tecnologia.ufpr.br\/cau\/wp-content\/uploads\/sites\/45\/2022\/05\/TA126-Estatica-Prof.-Carlos-Adao.pdf\">TA126 \u2013 Est\u00e1tica \u2013 Prof. Carlos Ad\u00e3o<\/a><br><a href=\"https:\/\/tecnologia.ufpr.br\/cau\/wp-content\/uploads\/sites\/45\/2022\/05\/TA132-Materiais-de-Construcao-Profa.-Maria-Regina-Sarro.pdf\">TA132 \u2013 Materiais de Constru\u00e7\u00e3o \u2013 Profa. Maria Regina Sarro<\/a><br><a href=\"https:\/\/tecnologia.ufpr.br\/cau\/wp-content\/uploads\/sites\/45\/2022\/05\/TA128-Sistemas-Estruturais-Prof.-Carlos-Adao.pdf\">TA128 \u2013 Sistemas Estruturais I \u2013 Prof. Carlos Ad\u00e3o<\/a><br><a href=\"https:\/\/tecnologia.ufpr.br\/cau\/wp-content\/uploads\/sites\/45\/2022\/05\/TA134-Construcao-Civil-I-Profa.-Andressa-Gobbi.pdf\">TA134 \u2013 Constru\u00e7\u00e3o Civil I \u2013 Profa. Andressa Gobbi<\/a><br><a href=\"https:\/\/tecnologia.ufpr.br\/cau\/wp-content\/uploads\/sites\/45\/2022\/05\/TA138-Ambiente-Construido-I-Prof.-Aloisio-Schmid.pdf\">TA138 \u2013 Ambiente Constru\u00eddo I \u2013 Prof. Alo\u00edsio Schmid<\/a><br><a href=\"https:\/\/tecnologia.ufpr.br\/cau\/wp-content\/uploads\/sites\/45\/2022\/05\/TA130-Estruturas-de-Concreto-Armado-Profa.-Maria-Regina-Sarro.pdf\">TA130 \u2013 Estruturas de Concreto Armado \u2013 Profa. Maria Regina Sarro<\/a><br><a href=\"https:\/\/tecnologia.ufpr.br\/cau\/wp-content\/uploads\/sites\/45\/2022\/05\/TA136-Instalacoes-Prediais-I-Profa-Andressa-Gobbi.pdf\">TA136 \u2013 Instala\u00e7\u00f5es Prediais I \u2013 Profa. Andressa Gobbi<\/a><br><a href=\"https:\/\/tecnologia.ufpr.br\/cau\/wp-content\/uploads\/sites\/45\/2022\/05\/TA140-Ambiente-Construido-III-Prof.-Aloisio-Schmid.pdf\">TA140 \u2013 Ambiente Constru\u00eddo III \u2013 Prof. Alo\u00edsio Schmid<\/a><\/p>\n","protected":false},"excerpt":{"rendered":"<p>Seguem abaixo as&nbsp;Fichas 02&nbsp;das disciplinas do&nbsp;primeiro semestre letivo de 2022. As&nbsp;matr\u00edculas&nbsp;ser\u00e3o entre os dias&nbsp;21 a 25 de maio&nbsp;de 2022. Projeto e Paisagem TA114 &#8211; Inform\u00e1tica na Arquitetura &#8211; Prof. Rudnei CamposTA199 \u2013 Desenho Arquitet\u00f4nico I \u2013 Profa. Marina ObaTA199 \u2013 Desenho Arquitet\u00f4nico I \u2013 Prof. Rafael CartanaTA201 \u2013 Estudos da Forma \u2013 Prof. Marco DudequeTA201 [&hellip;]<\/p>\n","protected":false},"author":1077,"featured_media":0,"comment_status":"open","ping_status":"open","sticky":false,"template":"","format":"standard","meta":{"footnotes":""},"categories":[84],"tags":[],"_links":{"self":[{"href":"https:\/\/tecnologia.ufpr.br\/cau\/wp-json\/wp\/v2\/posts\/3340"}],"collection":[{"href":"https:\/\/tecnologia.ufpr.br\/cau\/wp-json\/wp\/v2\/posts"}],"about":[{"href":"https:\/\/tecnologia.ufpr.br\/cau\/wp-json\/wp\/v2\/types\/post"}],"author":[{"embeddable":true,"href":"https:\/\/tecnologia.ufpr.br\/cau\/wp-json\/wp\/v2\/users\/1077"}],"replies":[{"embeddable":true,"href":"https:\/\/tecnologia.ufpr.br\/cau\/wp-json\/wp\/v2\/comments?post=3340"}],"version-history":[{"count":9,"href":"https:\/\/tecnologia.ufpr.br\/cau\/wp-json\/wp\/v2\/posts\/3340\/revisions"}],"predecessor-version":[{"id":3401,"href":"https:\/\/tecnologia.ufpr.br\/cau\/wp-json\/wp\/v2\/posts\/3340\/revisions\/3401"}],"wp:attachment":[{"href":"https:\/\/tecnologia.ufpr.br\/cau\/wp-json\/wp\/v2\/media?parent=3340"}],"wp:term":[{"taxonomy":"category","embeddable":true,"href":"https:\/\/tecnologia.ufpr.br\/cau\/wp-json\/wp\/v2\/categories?post=3340"},{"taxonomy":"post_tag","embeddable":true,"href":"https:\/\/tecnologia.ufpr.br\/cau\/wp-json\/wp\/v2\/tags?post=3340"}],"curies":[{"name":"wp","href":"https:\/\/api.w.org\/{rel}","templated":true}]}}