{"id":3263,"date":"2022-04-28T13:13:24","date_gmt":"2022-04-28T16:13:24","guid":{"rendered":"https:\/\/tecnologia.ufpr.br\/cau\/?p=3263"},"modified":"2022-04-28T13:18:41","modified_gmt":"2022-04-28T16:18:41","slug":"divulgacao-15-concurso-cbca-para-estudantes-de-arquitetura-2022","status":"publish","type":"post","link":"https:\/\/tecnologia.ufpr.br\/cau\/2022\/04\/28\/divulgacao-15-concurso-cbca-para-estudantes-de-arquitetura-2022\/","title":{"rendered":"Divulga\u00e7\u00e3o: 15\u00b0 CONCURSO CBCA PARA ESTUDANTES DE ARQUITETURA 2022"},"content":{"rendered":"\n<p>O 15\u00ba Concurso CBCA para estudantes de Arquitetura tem como tema &#8220;Ind\u00fastria, Inova\u00e7\u00e3o e Infraestrutura&#8221;. As inscri\u00e7\u00e3o v\u00e3o de <strong>14 de mar\u00e7o a<\/strong>&nbsp;<strong>29 de maio,&nbsp;<\/strong>s\u00e3o gratuitas e a premia\u00e7\u00e3o para a equipe vencedora ser\u00e1 de R$ 10.000,00, entre outros pr\u00eamios. Al\u00e9m disso, a equipe vencedora participar\u00e1 como representante do Brasil no #desafioALACERO de Dise\u00f1o en Acero para Estudiantes de Arquitectura 2022, organizado pela Associa\u00e7\u00e3o Latino-Americana do A\u00e7o (ALACERO).<br><br>Para mais informa\u00e7\u00f5es, acesse o link do concurso: <a rel=\"noreferrer noopener\" href=\"http:\/\/www.cbca-acobrasil.org.br\/arquitetura\" target=\"_blank\">www.cbca-acobrasil.org.br\/arquitetura<\/a><\/p>\n\n\n\n<figure class=\"wp-block-image size-large is-resized\"><img loading=\"lazy\" decoding=\"async\" src=\"https:\/\/tecnologia.ufpr.br\/cau\/wp-content\/uploads\/sites\/45\/2022\/04\/cbca_reduzido-723x1024.jpg\" alt=\"\" class=\"wp-image-3265\" width=\"542\" height=\"768\" srcset=\"https:\/\/tecnologia.ufpr.br\/cau\/wp-content\/uploads\/sites\/45\/2022\/04\/cbca_reduzido-723x1024.jpg 723w, https:\/\/tecnologia.ufpr.br\/cau\/wp-content\/uploads\/sites\/45\/2022\/04\/cbca_reduzido-212x300.jpg 212w, https:\/\/tecnologia.ufpr.br\/cau\/wp-content\/uploads\/sites\/45\/2022\/04\/cbca_reduzido-768x1087.jpg 768w, https:\/\/tecnologia.ufpr.br\/cau\/wp-content\/uploads\/sites\/45\/2022\/04\/cbca_reduzido-1085x1536.jpg 1085w, https:\/\/tecnologia.ufpr.br\/cau\/wp-content\/uploads\/sites\/45\/2022\/04\/cbca_reduzido-1447x2048.jpg 1447w, https:\/\/tecnologia.ufpr.br\/cau\/wp-content\/uploads\/sites\/45\/2022\/04\/cbca_reduzido-85x120.jpg 85w, https:\/\/tecnologia.ufpr.br\/cau\/wp-content\/uploads\/sites\/45\/2022\/04\/cbca_reduzido.jpg 1721w\" sizes=\"(max-width: 542px) 100vw, 542px\" \/><\/figure>\n","protected":false},"excerpt":{"rendered":"<p>O 15\u00ba Concurso CBCA para estudantes de Arquitetura tem como tema &#8220;Ind\u00fastria, Inova\u00e7\u00e3o e Infraestrutura&#8221;. As inscri\u00e7\u00e3o v\u00e3o de 14 de mar\u00e7o a&nbsp;29 de maio,&nbsp;s\u00e3o gratuitas e a premia\u00e7\u00e3o para a equipe vencedora ser\u00e1 de R$ 10.000,00, entre outros pr\u00eamios. Al\u00e9m disso, a equipe vencedora participar\u00e1 como representante do Brasil no #desafioALACERO de Dise\u00f1o en [&hellip;]<\/p>\n","protected":false},"author":1077,"featured_media":0,"comment_status":"open","ping_status":"open","sticky":false,"template":"","format":"standard","meta":{"footnotes":""},"categories":[12],"tags":[],"_links":{"self":[{"href":"https:\/\/tecnologia.ufpr.br\/cau\/wp-json\/wp\/v2\/posts\/3263"}],"collection":[{"href":"https:\/\/tecnologia.ufpr.br\/cau\/wp-json\/wp\/v2\/posts"}],"about":[{"href":"https:\/\/tecnologia.ufpr.br\/cau\/wp-json\/wp\/v2\/types\/post"}],"author":[{"embeddable":true,"href":"https:\/\/tecnologia.ufpr.br\/cau\/wp-json\/wp\/v2\/users\/1077"}],"replies":[{"embeddable":true,"href":"https:\/\/tecnologia.ufpr.br\/cau\/wp-json\/wp\/v2\/comments?post=3263"}],"version-history":[{"count":2,"href":"https:\/\/tecnologia.ufpr.br\/cau\/wp-json\/wp\/v2\/posts\/3263\/revisions"}],"predecessor-version":[{"id":3267,"href":"https:\/\/tecnologia.ufpr.br\/cau\/wp-json\/wp\/v2\/posts\/3263\/revisions\/3267"}],"wp:attachment":[{"href":"https:\/\/tecnologia.ufpr.br\/cau\/wp-json\/wp\/v2\/media?parent=3263"}],"wp:term":[{"taxonomy":"category","embeddable":true,"href":"https:\/\/tecnologia.ufpr.br\/cau\/wp-json\/wp\/v2\/categories?post=3263"},{"taxonomy":"post_tag","embeddable":true,"href":"https:\/\/tecnologia.ufpr.br\/cau\/wp-json\/wp\/v2\/tags?post=3263"}],"curies":[{"name":"wp","href":"https:\/\/api.w.org\/{rel}","templated":true}]}}