{"id":3221,"date":"2022-04-18T13:55:38","date_gmt":"2022-04-18T16:55:38","guid":{"rendered":"https:\/\/tecnologia.ufpr.br\/cau\/?p=3221"},"modified":"2022-04-18T14:40:11","modified_gmt":"2022-04-18T17:40:11","slug":"edital-de-selecao-para-bolsista-de-extensao-2022","status":"publish","type":"post","link":"https:\/\/tecnologia.ufpr.br\/cau\/2022\/04\/18\/edital-de-selecao-para-bolsista-de-extensao-2022\/","title":{"rendered":"Edital de sele\u00e7\u00e3o para bolsista de extens\u00e3o 2022"},"content":{"rendered":"\n<p>Projetos de Extens\u00e3o:&nbsp;<br><strong>A produ\u00e7\u00e3o paranaense em concursos de arquitetura + Arquitetura no Museu Paranaense<\/strong><\/p>\n\n\n\n<p>Conforme Edital PROEC\/UFPR N\u00ba. 03\/2022 convoca-se discentes matriculados nos cursos de arquitetura e urbanismo, express\u00e3o gr\u00e1fica, ci\u00eancia da computa\u00e7\u00e3o, ou design para candidatura a participa\u00e7\u00e3o nos projetos de extens\u00e3o A produ\u00e7\u00e3o paranaense em concursos de arquitetura \u2028e Arquitetura no Museu Paranaense, sob coordena\u00e7\u00e3o da professora Marina Oba, no Departamento de Arquitetura e Urbanismo (TC\/DAU).<br>S\u00e3o at\u00e9 quatro vagas, sendo tr\u00eas delas volunt\u00e1rias e outra com bolsa aux\u00edlio (no valor de R$400,00 por m\u00eas) com dura\u00e7\u00e3o de oito meses.<\/p>\n\n\n\n<p>Atividades: 12h semanais, contemplando a participa\u00e7\u00e3o em reuni\u00f5es semanais, reda\u00e7\u00e3o de atas, transcri\u00e7\u00e3o de entrevistas, sistematiza\u00e7\u00e3o de dados, organiza\u00e7\u00e3o de website. Atividades remotas e presenciais.<\/p>\n\n\n\n<p>Pr\u00e9-requisitos: estar com matr\u00edcula regular na UFPR e ter familiaridade com softwares de edi\u00e7\u00e3o de texto e de planilhas. Bolsistas n\u00e3o poder\u00e3o receber bolsa ou qualquer outro aux\u00edlio financeiro da UFPR, ou de outra institui\u00e7\u00e3o de ensino ou ag\u00eancia de fomento, nacional ou internacional.<\/p>\n\n\n\n<p>Habilidades desej\u00e1veis: familiaridade com Cargo Collective, pacote Adobe e ferramentas digitais de desenho arquitet\u00f4nico.<\/p>\n\n\n\n<p>Sele\u00e7\u00e3o: Familiaridade com ferramentas digitais de express\u00e3o, representa\u00e7\u00e3o e constru\u00e7\u00e3o de websites, portif\u00f3lio, IRA e justificativa do interesse de participa\u00e7\u00e3o no projeto.<\/p>\n\n\n\n<p>Inscri\u00e7\u00f5es at\u00e9 24\/04\/2022, 23h59 (formul\u00e1rio pelo link: <a href=\"https:\/\/forms.gle\/5zbghDbf8RMXDeva7\">https:\/\/forms.gle\/5zbghDbf8RMXDeva7<\/a>)<br>Resultado at\u00e9 30\/04\/2022, 23h59 (por email, aos candidatos e candidatas)<\/p>\n\n\n\n<p>Ser\u00e3o convocadas candidaturas de acordo com a disponibilidade de Bolsas. Em caso de desist\u00eancia declarada, ser\u00e1 convocada a candidatura classificada em posi\u00e7\u00e3o seguinte. As demais candidaturas ser\u00e3o convidadas \u00e0 participa\u00e7\u00e3o como volunt\u00e1rias. O Programa ter\u00e1 vig\u00eancia de 01 de maio de 2022 a 31 de dezembro de 2022, ou de acordo as determina\u00e7\u00f5es da PROEC.<\/p>\n","protected":false},"excerpt":{"rendered":"<p>Projetos de Extens\u00e3o:&nbsp;A produ\u00e7\u00e3o paranaense em concursos de arquitetura + Arquitetura no Museu Paranaense Conforme Edital PROEC\/UFPR N\u00ba. 03\/2022 convoca-se discentes matriculados nos cursos de arquitetura e urbanismo, express\u00e3o gr\u00e1fica, ci\u00eancia da computa\u00e7\u00e3o, ou design para candidatura a participa\u00e7\u00e3o nos projetos de extens\u00e3o A produ\u00e7\u00e3o paranaense em concursos de arquitetura \u2028e Arquitetura no Museu Paranaense, [&hellip;]<\/p>\n","protected":false},"author":1077,"featured_media":0,"comment_status":"open","ping_status":"open","sticky":false,"template":"","format":"standard","meta":{"footnotes":""},"categories":[79,21],"tags":[],"_links":{"self":[{"href":"https:\/\/tecnologia.ufpr.br\/cau\/wp-json\/wp\/v2\/posts\/3221"}],"collection":[{"href":"https:\/\/tecnologia.ufpr.br\/cau\/wp-json\/wp\/v2\/posts"}],"about":[{"href":"https:\/\/tecnologia.ufpr.br\/cau\/wp-json\/wp\/v2\/types\/post"}],"author":[{"embeddable":true,"href":"https:\/\/tecnologia.ufpr.br\/cau\/wp-json\/wp\/v2\/users\/1077"}],"replies":[{"embeddable":true,"href":"https:\/\/tecnologia.ufpr.br\/cau\/wp-json\/wp\/v2\/comments?post=3221"}],"version-history":[{"count":5,"href":"https:\/\/tecnologia.ufpr.br\/cau\/wp-json\/wp\/v2\/posts\/3221\/revisions"}],"predecessor-version":[{"id":3230,"href":"https:\/\/tecnologia.ufpr.br\/cau\/wp-json\/wp\/v2\/posts\/3221\/revisions\/3230"}],"wp:attachment":[{"href":"https:\/\/tecnologia.ufpr.br\/cau\/wp-json\/wp\/v2\/media?parent=3221"}],"wp:term":[{"taxonomy":"category","embeddable":true,"href":"https:\/\/tecnologia.ufpr.br\/cau\/wp-json\/wp\/v2\/categories?post=3221"},{"taxonomy":"post_tag","embeddable":true,"href":"https:\/\/tecnologia.ufpr.br\/cau\/wp-json\/wp\/v2\/tags?post=3221"}],"curies":[{"name":"wp","href":"https:\/\/api.w.org\/{rel}","templated":true}]}}