{"id":2867,"date":"2021-12-01T12:49:03","date_gmt":"2021-12-01T15:49:03","guid":{"rendered":"https:\/\/tecnologia.ufpr.br\/cau\/?p=2867"},"modified":"2021-12-01T12:50:47","modified_gmt":"2021-12-01T15:50:47","slug":"concurso-como-pratica-a-presenca-da-arquitetura-paranaense","status":"publish","type":"post","link":"https:\/\/tecnologia.ufpr.br\/cau\/2021\/12\/01\/concurso-como-pratica-a-presenca-da-arquitetura-paranaense\/","title":{"rendered":"Divulga\u00e7\u00e3o: Concurso Como Pr\u00e1tica &#8211; A presen\u00e7a da Arquitetura paranaense"},"content":{"rendered":"\n<p>ARQUITETURA EM DEBATE 02<br>O Museu Oscar Niemeyer com o apoio do CAU_PR organizou uma s\u00e9rie de tr\u00eas encontros com objetivo de debater temas relevantes da arquitetura e cultura no contexto da exposi\u00e7\u00e3o Arquitetura Como Pr\u00e1tica: presen\u00e7a da arquitetura paranaense.<br>Neste segundo encontro estar\u00e3o presentes o arquiteto e professor Mario Biselli (Biselli Katchborian Arquitetos Associados) e o arquiteto e pesquisador Fl\u00e1vio Tavares (UFPB e ETSA\/US) com media\u00e7\u00e3o da arquiteta e professora Karina Pimentel (UTFPR).<br>O Arquiteto M\u00e1rio Biselli far\u00e1 uma apresenta\u00e7\u00e3o das participa\u00e7\u00f5es mais recentes do escrit\u00f3rio em concursos de projetos.<br>O Arquiteto Fl\u00e1vio Tavares abordar\u00e1 o tema: Concursos P\u00fablicos de Projeto &#8211; pr\u00e1tica na gest\u00e3o municipal.<br>O evento ocorrer\u00e1 no dia 03\/12 \u00e0s 19h no Audit\u00f3rio Poty Lazzarotto \u2013 MON<br>EVENTO PRESENCIAL COM ENTRADA FRANCA.<\/p>\n\n\n\n<figure class=\"wp-block-image size-large\"><img loading=\"lazy\" decoding=\"async\" width=\"581\" height=\"1024\" src=\"https:\/\/tecnologia.ufpr.br\/cau\/wp-content\/uploads\/sites\/45\/2021\/12\/WhatsApp-Image-2021-12-01-at-11.39.58-581x1024.jpeg\" alt=\"\" class=\"wp-image-2868\" srcset=\"https:\/\/tecnologia.ufpr.br\/cau\/wp-content\/uploads\/sites\/45\/2021\/12\/WhatsApp-Image-2021-12-01-at-11.39.58-581x1024.jpeg 581w, https:\/\/tecnologia.ufpr.br\/cau\/wp-content\/uploads\/sites\/45\/2021\/12\/WhatsApp-Image-2021-12-01-at-11.39.58-170x300.jpeg 170w, https:\/\/tecnologia.ufpr.br\/cau\/wp-content\/uploads\/sites\/45\/2021\/12\/WhatsApp-Image-2021-12-01-at-11.39.58-68x120.jpeg 68w, https:\/\/tecnologia.ufpr.br\/cau\/wp-content\/uploads\/sites\/45\/2021\/12\/WhatsApp-Image-2021-12-01-at-11.39.58.jpeg 610w\" sizes=\"(max-width: 581px) 100vw, 581px\" \/><\/figure>\n","protected":false},"excerpt":{"rendered":"<p>ARQUITETURA EM DEBATE 02O Museu Oscar Niemeyer com o apoio do CAU_PR organizou uma s\u00e9rie de tr\u00eas encontros com objetivo de debater temas relevantes da arquitetura e cultura no contexto da exposi\u00e7\u00e3o Arquitetura Como Pr\u00e1tica: presen\u00e7a da arquitetura paranaense.Neste segundo encontro estar\u00e3o presentes o arquiteto e professor Mario Biselli (Biselli Katchborian Arquitetos Associados) e o [&hellip;]<\/p>\n","protected":false},"author":1077,"featured_media":0,"comment_status":"open","ping_status":"open","sticky":false,"template":"","format":"standard","meta":{"footnotes":""},"categories":[18,19,23],"tags":[],"_links":{"self":[{"href":"https:\/\/tecnologia.ufpr.br\/cau\/wp-json\/wp\/v2\/posts\/2867"}],"collection":[{"href":"https:\/\/tecnologia.ufpr.br\/cau\/wp-json\/wp\/v2\/posts"}],"about":[{"href":"https:\/\/tecnologia.ufpr.br\/cau\/wp-json\/wp\/v2\/types\/post"}],"author":[{"embeddable":true,"href":"https:\/\/tecnologia.ufpr.br\/cau\/wp-json\/wp\/v2\/users\/1077"}],"replies":[{"embeddable":true,"href":"https:\/\/tecnologia.ufpr.br\/cau\/wp-json\/wp\/v2\/comments?post=2867"}],"version-history":[{"count":2,"href":"https:\/\/tecnologia.ufpr.br\/cau\/wp-json\/wp\/v2\/posts\/2867\/revisions"}],"predecessor-version":[{"id":2870,"href":"https:\/\/tecnologia.ufpr.br\/cau\/wp-json\/wp\/v2\/posts\/2867\/revisions\/2870"}],"wp:attachment":[{"href":"https:\/\/tecnologia.ufpr.br\/cau\/wp-json\/wp\/v2\/media?parent=2867"}],"wp:term":[{"taxonomy":"category","embeddable":true,"href":"https:\/\/tecnologia.ufpr.br\/cau\/wp-json\/wp\/v2\/categories?post=2867"},{"taxonomy":"post_tag","embeddable":true,"href":"https:\/\/tecnologia.ufpr.br\/cau\/wp-json\/wp\/v2\/tags?post=2867"}],"curies":[{"name":"wp","href":"https:\/\/api.w.org\/{rel}","templated":true}]}}