{"id":2833,"date":"2021-11-16T22:03:34","date_gmt":"2021-11-17T01:03:34","guid":{"rendered":"https:\/\/tecnologia.ufpr.br\/cau\/?p=2833"},"modified":"2021-11-16T22:03:34","modified_gmt":"2021-11-17T01:03:34","slug":"divulgacao-concurso-de-mobiliario-urbano-open-source-colab-cidade","status":"publish","type":"post","link":"https:\/\/tecnologia.ufpr.br\/cau\/2021\/11\/16\/divulgacao-concurso-de-mobiliario-urbano-open-source-colab-cidade\/","title":{"rendered":"Divulga\u00e7\u00e3o: Concurso de Mobili\u00e1rio Urbano Open Source &#8211; COLAB Cidade"},"content":{"rendered":"\n<figure class=\"wp-block-image size-large\"><img loading=\"lazy\" decoding=\"async\" width=\"406\" height=\"407\" src=\"https:\/\/tecnologia.ufpr.br\/cau\/wp-content\/uploads\/sites\/45\/2021\/11\/Cartaz-Concurso-COLAB-Cidade.jpg\" alt=\"\" class=\"wp-image-2834\" srcset=\"https:\/\/tecnologia.ufpr.br\/cau\/wp-content\/uploads\/sites\/45\/2021\/11\/Cartaz-Concurso-COLAB-Cidade.jpg 406w, https:\/\/tecnologia.ufpr.br\/cau\/wp-content\/uploads\/sites\/45\/2021\/11\/Cartaz-Concurso-COLAB-Cidade-300x300.jpg 300w, https:\/\/tecnologia.ufpr.br\/cau\/wp-content\/uploads\/sites\/45\/2021\/11\/Cartaz-Concurso-COLAB-Cidade-150x150.jpg 150w, https:\/\/tecnologia.ufpr.br\/cau\/wp-content\/uploads\/sites\/45\/2021\/11\/Cartaz-Concurso-COLAB-Cidade-120x120.jpg 120w\" sizes=\"(max-width: 406px) 100vw, 406px\" \/><\/figure>\n\n\n\n<p>COLAB Cidade convida \u00e0 apresenta\u00e7\u00e3o de projetos de mobili\u00e1rio urbano, de f\u00e1cil execu\u00e7\u00e3o, baixo custo e partilha aberta, para inspirar e apoiar comunidades e organiza\u00e7\u00f5es a empreenderem melhoramentos de forma aut\u00f4noma em seus territ\u00f3rios. As propostas aceites ser\u00e3o publicadas no e-book COLAB Cidade sob licen\u00e7a Creative Commons (CC BY-NC-SA), que garante que outras pessoas possam usar, adaptar e utilizar o projeto sem fins comerciais, desde que indiquem a autoria e licenciem o novo produto sob o mesmo tipo de licen\u00e7a. O concurso est\u00e1 aberto de 6 a 28 de novembro de 2021 e os vencedores ser\u00e3o anunciados no dia 10 de dezembro de 2021.<br>Para mais informa\u00e7\u00e3o, acesse o site do concurso: <a href=\"https:\/\/www.colabcidade.com\/concurso.html\">https:\/\/www.colabcidade.com\/concurso.html<\/a><\/p>\n","protected":false},"excerpt":{"rendered":"<p>COLAB Cidade convida \u00e0 apresenta\u00e7\u00e3o de projetos de mobili\u00e1rio urbano, de f\u00e1cil execu\u00e7\u00e3o, baixo custo e partilha aberta, para inspirar e apoiar comunidades e organiza\u00e7\u00f5es a empreenderem melhoramentos de forma aut\u00f4noma em seus territ\u00f3rios. As propostas aceites ser\u00e3o publicadas no e-book COLAB Cidade sob licen\u00e7a Creative Commons (CC BY-NC-SA), que garante que outras pessoas possam [&hellip;]<\/p>\n","protected":false},"author":1077,"featured_media":0,"comment_status":"open","ping_status":"open","sticky":false,"template":"","format":"standard","meta":{"footnotes":""},"categories":[12],"tags":[],"_links":{"self":[{"href":"https:\/\/tecnologia.ufpr.br\/cau\/wp-json\/wp\/v2\/posts\/2833"}],"collection":[{"href":"https:\/\/tecnologia.ufpr.br\/cau\/wp-json\/wp\/v2\/posts"}],"about":[{"href":"https:\/\/tecnologia.ufpr.br\/cau\/wp-json\/wp\/v2\/types\/post"}],"author":[{"embeddable":true,"href":"https:\/\/tecnologia.ufpr.br\/cau\/wp-json\/wp\/v2\/users\/1077"}],"replies":[{"embeddable":true,"href":"https:\/\/tecnologia.ufpr.br\/cau\/wp-json\/wp\/v2\/comments?post=2833"}],"version-history":[{"count":1,"href":"https:\/\/tecnologia.ufpr.br\/cau\/wp-json\/wp\/v2\/posts\/2833\/revisions"}],"predecessor-version":[{"id":2835,"href":"https:\/\/tecnologia.ufpr.br\/cau\/wp-json\/wp\/v2\/posts\/2833\/revisions\/2835"}],"wp:attachment":[{"href":"https:\/\/tecnologia.ufpr.br\/cau\/wp-json\/wp\/v2\/media?parent=2833"}],"wp:term":[{"taxonomy":"category","embeddable":true,"href":"https:\/\/tecnologia.ufpr.br\/cau\/wp-json\/wp\/v2\/categories?post=2833"},{"taxonomy":"post_tag","embeddable":true,"href":"https:\/\/tecnologia.ufpr.br\/cau\/wp-json\/wp\/v2\/tags?post=2833"}],"curies":[{"name":"wp","href":"https:\/\/api.w.org\/{rel}","templated":true}]}}