{"id":2585,"date":"2021-08-24T13:13:55","date_gmt":"2021-08-24T16:13:55","guid":{"rendered":"https:\/\/tecnologia.ufpr.br\/cau\/?p=2585"},"modified":"2021-08-24T13:20:59","modified_gmt":"2021-08-24T16:20:59","slug":"informacoes-importantes-sobre-calendario-de-oferta-das-disciplinas","status":"publish","type":"post","link":"https:\/\/tecnologia.ufpr.br\/cau\/2021\/08\/24\/informacoes-importantes-sobre-calendario-de-oferta-das-disciplinas\/","title":{"rendered":"INFORMA\u00c7\u00d5ES IMPORTANTES SOBRE O CALEND\u00c1RIO DE OFERTA DAS DISCIPLINAS"},"content":{"rendered":"\n<p class=\"has-text-align-center\">PREZADOS PROFESSORES E ESTUDANTES<br><br>A COORDENA\u00c7\u00c3O DO CAU\/UFPR INFORMA QUE:<br><br><strong>AINDA N\u00c3O FOI DEFINIDO O CALEND\u00c1RIO DE OFERTA DAS&nbsp;DISCIPLINAS DESSE CURSO&nbsp;PARA O PR\u00d3XIMO SEMESTRE LETIVO (2021\/01)<\/strong>.<br><br>O COLEGIADO APROVOU EM SUA \u00daLTIMA REUNI\u00c3O APENAS O ELENCO DE DISCIPLINAS&nbsp;QUE SER\u00c3O OFERTADAS PELO DAU, DHS, DEGRAF E DEGEOM.&nbsp;AS TABELAS DIVULGADAS PELO GAU ATRAV\u00c9S DAS REDES SOCIAIS EST\u00c3O ERRADASE PROVOCANDO DESINFORMA\u00c7\u00c3O E CONFUS\u00c3O ENTRE OS ESTUDANTES.&nbsp;<br><br>PEDIMOS DESCULPAS PELO OCORRIDO.&nbsp;DIVULGAREMOS ATRAV\u00c9S DESTE SITE O CALEND\u00c1RIO CORRETO,&nbsp;ASSIM QUE O TENHAMOS PRONTO.&nbsp;<br>ATENCIOSAMENTE,&nbsp;<br><br>PROF. PAULO CHIESA<br>COORDENADOR CAU\/UFPR.&nbsp;<br><br>CURITIBA, 24\/08\/2021.<\/p>\n","protected":false},"excerpt":{"rendered":"<p>PREZADOS PROFESSORES E ESTUDANTES A COORDENA\u00c7\u00c3O DO CAU\/UFPR INFORMA QUE: AINDA N\u00c3O FOI DEFINIDO O CALEND\u00c1RIO DE OFERTA DAS&nbsp;DISCIPLINAS DESSE CURSO&nbsp;PARA O PR\u00d3XIMO SEMESTRE LETIVO (2021\/01). O COLEGIADO APROVOU EM SUA \u00daLTIMA REUNI\u00c3O APENAS O ELENCO DE DISCIPLINAS&nbsp;QUE SER\u00c3O OFERTADAS PELO DAU, DHS, DEGRAF E DEGEOM.&nbsp;AS TABELAS DIVULGADAS PELO GAU ATRAV\u00c9S DAS REDES SOCIAIS EST\u00c3O [&hellip;]<\/p>\n","protected":false},"author":1077,"featured_media":0,"comment_status":"open","ping_status":"open","sticky":false,"template":"","format":"standard","meta":{"footnotes":""},"categories":[74],"tags":[],"_links":{"self":[{"href":"https:\/\/tecnologia.ufpr.br\/cau\/wp-json\/wp\/v2\/posts\/2585"}],"collection":[{"href":"https:\/\/tecnologia.ufpr.br\/cau\/wp-json\/wp\/v2\/posts"}],"about":[{"href":"https:\/\/tecnologia.ufpr.br\/cau\/wp-json\/wp\/v2\/types\/post"}],"author":[{"embeddable":true,"href":"https:\/\/tecnologia.ufpr.br\/cau\/wp-json\/wp\/v2\/users\/1077"}],"replies":[{"embeddable":true,"href":"https:\/\/tecnologia.ufpr.br\/cau\/wp-json\/wp\/v2\/comments?post=2585"}],"version-history":[{"count":2,"href":"https:\/\/tecnologia.ufpr.br\/cau\/wp-json\/wp\/v2\/posts\/2585\/revisions"}],"predecessor-version":[{"id":2587,"href":"https:\/\/tecnologia.ufpr.br\/cau\/wp-json\/wp\/v2\/posts\/2585\/revisions\/2587"}],"wp:attachment":[{"href":"https:\/\/tecnologia.ufpr.br\/cau\/wp-json\/wp\/v2\/media?parent=2585"}],"wp:term":[{"taxonomy":"category","embeddable":true,"href":"https:\/\/tecnologia.ufpr.br\/cau\/wp-json\/wp\/v2\/categories?post=2585"},{"taxonomy":"post_tag","embeddable":true,"href":"https:\/\/tecnologia.ufpr.br\/cau\/wp-json\/wp\/v2\/tags?post=2585"}],"curies":[{"name":"wp","href":"https:\/\/api.w.org\/{rel}","templated":true}]}}