{"id":2582,"date":"2021-08-24T12:43:03","date_gmt":"2021-08-24T15:43:03","guid":{"rendered":"https:\/\/tecnologia.ufpr.br\/cau\/?p=2582"},"modified":"2021-08-24T12:43:03","modified_gmt":"2021-08-24T15:43:03","slug":"vaga-de-estagio-comec","status":"publish","type":"post","link":"https:\/\/tecnologia.ufpr.br\/cau\/2021\/08\/24\/vaga-de-estagio-comec\/","title":{"rendered":"Vaga de Est\u00e1gio &#8211; COMEC"},"content":{"rendered":"\n<p><br>Est\u00e1 aberta vaga para Est\u00e1gio em Arquitetura e Urbanismo no Departamento de Controle da Organiza\u00e7\u00e3o Territorial (DCOT) na Coordena\u00e7\u00e3o da Regi\u00e3o Metropolitana de Curitiba &#8211; COMEC.<br>As informa\u00e7\u00f5es e inscri\u00e7\u00f5es est\u00e3o dispon\u00edveis no link abaixo:<\/p>\n\n\n\n<p><a href=\"https:\/\/www4.pr.gov.br\/gee\/jsp\/frm_cons_detalhe_vaga.jsp?codoferta=142591\">https:\/\/www4.pr.gov.br\/gee\/jsp\/frm_cons_detalhe_vaga.jsp?codoferta=142591<\/a><br><br>*Apesar da periodiza\u00e7\u00e3o descrita no site, a vaga est\u00e1 aberta para todos os per\u00edodos.<br>** Inscri\u00e7\u00f5es dispon\u00edveis at\u00e9 25\/08.<\/p>\n\n\n\n<div class=\"wp-block-image\"><figure class=\"aligncenter size-large\"><img loading=\"lazy\" decoding=\"async\" width=\"264\" height=\"100\" src=\"https:\/\/tecnologia.ufpr.br\/cau\/wp-content\/uploads\/sites\/45\/2021\/08\/COMEC-Parana.png\" alt=\"\" class=\"wp-image-2583\" srcset=\"https:\/\/tecnologia.ufpr.br\/cau\/wp-content\/uploads\/sites\/45\/2021\/08\/COMEC-Parana.png 264w, https:\/\/tecnologia.ufpr.br\/cau\/wp-content\/uploads\/sites\/45\/2021\/08\/COMEC-Parana-160x61.png 160w\" sizes=\"(max-width: 264px) 100vw, 264px\" \/><\/figure><\/div>\n","protected":false},"excerpt":{"rendered":"<p>Est\u00e1 aberta vaga para Est\u00e1gio em Arquitetura e Urbanismo no Departamento de Controle da Organiza\u00e7\u00e3o Territorial (DCOT) na Coordena\u00e7\u00e3o da Regi\u00e3o Metropolitana de Curitiba &#8211; COMEC.As informa\u00e7\u00f5es e inscri\u00e7\u00f5es est\u00e3o dispon\u00edveis no link abaixo: https:\/\/www4.pr.gov.br\/gee\/jsp\/frm_cons_detalhe_vaga.jsp?codoferta=142591 *Apesar da periodiza\u00e7\u00e3o descrita no site, a vaga est\u00e1 aberta para todos os per\u00edodos.** Inscri\u00e7\u00f5es dispon\u00edveis at\u00e9 25\/08.<\/p>\n","protected":false},"author":1077,"featured_media":0,"comment_status":"open","ping_status":"open","sticky":false,"template":"","format":"standard","meta":{"footnotes":""},"categories":[79,76],"tags":[],"_links":{"self":[{"href":"https:\/\/tecnologia.ufpr.br\/cau\/wp-json\/wp\/v2\/posts\/2582"}],"collection":[{"href":"https:\/\/tecnologia.ufpr.br\/cau\/wp-json\/wp\/v2\/posts"}],"about":[{"href":"https:\/\/tecnologia.ufpr.br\/cau\/wp-json\/wp\/v2\/types\/post"}],"author":[{"embeddable":true,"href":"https:\/\/tecnologia.ufpr.br\/cau\/wp-json\/wp\/v2\/users\/1077"}],"replies":[{"embeddable":true,"href":"https:\/\/tecnologia.ufpr.br\/cau\/wp-json\/wp\/v2\/comments?post=2582"}],"version-history":[{"count":1,"href":"https:\/\/tecnologia.ufpr.br\/cau\/wp-json\/wp\/v2\/posts\/2582\/revisions"}],"predecessor-version":[{"id":2584,"href":"https:\/\/tecnologia.ufpr.br\/cau\/wp-json\/wp\/v2\/posts\/2582\/revisions\/2584"}],"wp:attachment":[{"href":"https:\/\/tecnologia.ufpr.br\/cau\/wp-json\/wp\/v2\/media?parent=2582"}],"wp:term":[{"taxonomy":"category","embeddable":true,"href":"https:\/\/tecnologia.ufpr.br\/cau\/wp-json\/wp\/v2\/categories?post=2582"},{"taxonomy":"post_tag","embeddable":true,"href":"https:\/\/tecnologia.ufpr.br\/cau\/wp-json\/wp\/v2\/tags?post=2582"}],"curies":[{"name":"wp","href":"https:\/\/api.w.org\/{rel}","templated":true}]}}