{"id":2543,"date":"2021-08-11T16:27:24","date_gmt":"2021-08-11T19:27:24","guid":{"rendered":"https:\/\/tecnologia.ufpr.br\/cau\/?p=2543"},"modified":"2021-08-11T16:28:01","modified_gmt":"2021-08-11T19:28:01","slug":"oportunidade-de-estagio-em-arquitetura-grupo-cetefe-rh","status":"publish","type":"post","link":"https:\/\/tecnologia.ufpr.br\/cau\/2021\/08\/11\/oportunidade-de-estagio-em-arquitetura-grupo-cetefe-rh\/","title":{"rendered":"Oportunidade de Est\u00e1gio em Arquitetura &#8211; Grupo CETEFE RH"},"content":{"rendered":"\n<figure class=\"wp-block-image size-large is-resized\"><img loading=\"lazy\" decoding=\"async\" src=\"https:\/\/tecnologia.ufpr.br\/cau\/wp-content\/uploads\/sites\/45\/2021\/08\/vaga-de-estagio-cetefe.jpg\" alt=\"\" class=\"wp-image-2544\" width=\"579\" height=\"302\" srcset=\"https:\/\/tecnologia.ufpr.br\/cau\/wp-content\/uploads\/sites\/45\/2021\/08\/vaga-de-estagio-cetefe.jpg 500w, https:\/\/tecnologia.ufpr.br\/cau\/wp-content\/uploads\/sites\/45\/2021\/08\/vaga-de-estagio-cetefe-300x157.jpg 300w, https:\/\/tecnologia.ufpr.br\/cau\/wp-content\/uploads\/sites\/45\/2021\/08\/vaga-de-estagio-cetefe-160x84.jpg 160w\" sizes=\"(max-width: 579px) 100vw, 579px\" \/><\/figure>\n\n\n\n<p>Segue link com todas as informa\u00e7\u00f5es para a <strong>vaga de Est\u00e1gio para estudantes das \u00e1reas de Arquitetura<\/strong>, atrav\u00e9s dele \u00e9 poss\u00edvel enviar o curr\u00edculo diretamente na plataforma:\u00a0<a rel=\"noreferrer noopener\" href=\"https:\/\/grupoceteferh.gupy.io\/jobs\/1105948\" target=\"_blank\">https:\/\/grupoceteferh.gupy.io\/jobs\/1105948<\/a><\/p>\n","protected":false},"excerpt":{"rendered":"<p>Segue link com todas as informa\u00e7\u00f5es para a vaga de Est\u00e1gio para estudantes das \u00e1reas de Arquitetura, atrav\u00e9s dele \u00e9 poss\u00edvel enviar o curr\u00edculo diretamente na plataforma:\u00a0https:\/\/grupoceteferh.gupy.io\/jobs\/1105948<\/p>\n","protected":false},"author":1077,"featured_media":0,"comment_status":"open","ping_status":"open","sticky":false,"template":"","format":"standard","meta":{"footnotes":""},"categories":[76],"tags":[],"_links":{"self":[{"href":"https:\/\/tecnologia.ufpr.br\/cau\/wp-json\/wp\/v2\/posts\/2543"}],"collection":[{"href":"https:\/\/tecnologia.ufpr.br\/cau\/wp-json\/wp\/v2\/posts"}],"about":[{"href":"https:\/\/tecnologia.ufpr.br\/cau\/wp-json\/wp\/v2\/types\/post"}],"author":[{"embeddable":true,"href":"https:\/\/tecnologia.ufpr.br\/cau\/wp-json\/wp\/v2\/users\/1077"}],"replies":[{"embeddable":true,"href":"https:\/\/tecnologia.ufpr.br\/cau\/wp-json\/wp\/v2\/comments?post=2543"}],"version-history":[{"count":2,"href":"https:\/\/tecnologia.ufpr.br\/cau\/wp-json\/wp\/v2\/posts\/2543\/revisions"}],"predecessor-version":[{"id":2546,"href":"https:\/\/tecnologia.ufpr.br\/cau\/wp-json\/wp\/v2\/posts\/2543\/revisions\/2546"}],"wp:attachment":[{"href":"https:\/\/tecnologia.ufpr.br\/cau\/wp-json\/wp\/v2\/media?parent=2543"}],"wp:term":[{"taxonomy":"category","embeddable":true,"href":"https:\/\/tecnologia.ufpr.br\/cau\/wp-json\/wp\/v2\/categories?post=2543"},{"taxonomy":"post_tag","embeddable":true,"href":"https:\/\/tecnologia.ufpr.br\/cau\/wp-json\/wp\/v2\/tags?post=2543"}],"curies":[{"name":"wp","href":"https:\/\/api.w.org\/{rel}","templated":true}]}}