{"id":2209,"date":"2021-02-24T22:50:39","date_gmt":"2021-02-25T01:50:39","guid":{"rendered":"https:\/\/tecnologia.ufpr.br\/cau\/?p=2209"},"modified":"2021-03-04T14:37:42","modified_gmt":"2021-03-04T17:37:42","slug":"divulgacao-de-vagas-de-trabalho-na-portobello-shop","status":"publish","type":"post","link":"https:\/\/tecnologia.ufpr.br\/cau\/2021\/02\/24\/divulgacao-de-vagas-de-trabalho-na-portobello-shop\/","title":{"rendered":"Divulga\u00e7\u00e3o de vagas de trabalho na Portobello"},"content":{"rendered":"\n<p>A Portobello est\u00e1 com duas vagas de trabalho abertas (nas lojas de Curitiba) para alunos na fase final da forma\u00e7\u00e3o ou forma\u00e7\u00e3o superior completa em Arquitetura e Urbanismo ou Design de Interiores. <br>Seguem os links para candidatar-se para as vagas:<br><a href=\"https:\/\/jobs.kenoby.com\/portobelloshop\/job\/consultora-de-vendas-alto-da-xv\/5f6e02d86f62530f2062d448?utm_source=website\">Consultor(a) de Vendas &#8211; Alto da XV<\/a><br><a href=\"https:\/\/jobs.kenoby.com\/portobelloshop\/job\/consultora-de-vendas-batel\/5f5649d84cca1b51e1670240?utm_source=website\">Consultor(a) de Vendas &#8211; Batel<\/a><br><\/p>\n","protected":false},"excerpt":{"rendered":"<p>A Portobello est\u00e1 com duas vagas de trabalho abertas (nas lojas de Curitiba) para alunos na fase final da forma\u00e7\u00e3o ou forma\u00e7\u00e3o superior completa em Arquitetura e Urbanismo ou Design de Interiores. Seguem os links para candidatar-se para as vagas:Consultor(a) de Vendas &#8211; Alto da XVConsultor(a) de Vendas &#8211; Batel<\/p>\n","protected":false},"author":1077,"featured_media":0,"comment_status":"closed","ping_status":"closed","sticky":false,"template":"","format":"standard","meta":{"footnotes":""},"categories":[76],"tags":[],"_links":{"self":[{"href":"https:\/\/tecnologia.ufpr.br\/cau\/wp-json\/wp\/v2\/posts\/2209"}],"collection":[{"href":"https:\/\/tecnologia.ufpr.br\/cau\/wp-json\/wp\/v2\/posts"}],"about":[{"href":"https:\/\/tecnologia.ufpr.br\/cau\/wp-json\/wp\/v2\/types\/post"}],"author":[{"embeddable":true,"href":"https:\/\/tecnologia.ufpr.br\/cau\/wp-json\/wp\/v2\/users\/1077"}],"replies":[{"embeddable":true,"href":"https:\/\/tecnologia.ufpr.br\/cau\/wp-json\/wp\/v2\/comments?post=2209"}],"version-history":[{"count":5,"href":"https:\/\/tecnologia.ufpr.br\/cau\/wp-json\/wp\/v2\/posts\/2209\/revisions"}],"predecessor-version":[{"id":2214,"href":"https:\/\/tecnologia.ufpr.br\/cau\/wp-json\/wp\/v2\/posts\/2209\/revisions\/2214"}],"wp:attachment":[{"href":"https:\/\/tecnologia.ufpr.br\/cau\/wp-json\/wp\/v2\/media?parent=2209"}],"wp:term":[{"taxonomy":"category","embeddable":true,"href":"https:\/\/tecnologia.ufpr.br\/cau\/wp-json\/wp\/v2\/categories?post=2209"},{"taxonomy":"post_tag","embeddable":true,"href":"https:\/\/tecnologia.ufpr.br\/cau\/wp-json\/wp\/v2\/tags?post=2209"}],"curies":[{"name":"wp","href":"https:\/\/api.w.org\/{rel}","templated":true}]}}