{"id":2036,"date":"2021-01-20T16:00:48","date_gmt":"2021-01-20T19:00:48","guid":{"rendered":"https:\/\/tecnologia.ufpr.br\/cau\/?p=2036"},"modified":"2021-02-01T15:43:14","modified_gmt":"2021-02-01T18:43:14","slug":"concurso-para-professor-do-dau-area-de-conhecimento-projeto","status":"publish","type":"post","link":"https:\/\/tecnologia.ufpr.br\/cau\/2021\/01\/20\/concurso-para-professor-do-dau-area-de-conhecimento-projeto\/","title":{"rendered":"Concurso para Professor do DAU &#8211; \u00c1rea de Conhecimento: Projeto"},"content":{"rendered":"\n<p><a href=\"http:\/\/www.progepe.ufpr.br\/progepe\/concursos\/docente\/concursos_publicos\/editais\/edital113-20.pdf\">Edital 113\/20<\/a><br><a href=\"https:\/\/tecnologia.ufpr.br\/cau\/wp-content\/uploads\/sites\/45\/2021\/01\/Edital_13_14_21_dou.pdf\">*Retificado pelo Edital 14\/21<\/a><\/p>\n\n\n\n<div class=\"wp-block-group\"><div class=\"wp-block-group__inner-container is-layout-flow wp-block-group-is-layout-flow\">\n<p>N\u00famero de vagas: 01 (uma)\u202f&nbsp;<\/p>\n\n\n\n<p>N\u00famero limite de candidatos habilitados: 05\u202f&nbsp;<\/p>\n\n\n\n<p>Classe: A\u202f&nbsp;<\/p>\n\n\n\n<p>Denomina\u00e7\u00e3o: Adjunto A\u202f&nbsp;<\/p>\n\n\n\n<p>N\u00edvel: 1\u202f&nbsp;<\/p>\n\n\n\n<p>Regime de Trabalho: 20 (vinte) horas semanais\u202f&nbsp;<\/p>\n\n\n\n<p>Titula\u00e7\u00e3o M\u00ednima Exigida: Gradua\u00e7\u00e3o em Arquitetura e Urbanismo\u202fCOM Doutorado na \u00c1rea de Arquitetura;<\/p>\n\n\n\n<p>Tipos de Provas: Escrita (classificat\u00f3ria e eliminat\u00f3ria),\u202fDid\u00e1tica (classificat\u00f3ria e eliminat\u00f3ria), An\u00e1lise de Curr\u00edculo (classificat\u00f3ria) e Defesa do Curr\u00edculo e de Projeto de Pesquisa (classificat\u00f3ria).\u202f&nbsp;<\/p>\n\n\n\n<p>Para a prova de Defesa do Curr\u00edculo e de Projeto de Pesquisa, os candidatos dever\u00e3o apresentar proposta de projeto de pesquisa na \u00e1rea de conhecimento do concurso, conforme item 8.5 do presente edital.\u202f<\/p>\n\n\n\n<p>Anteriormente \u00e0 realiza\u00e7\u00e3o das provas, ser\u00e1 publicado edital complementar especificando a forma como ser\u00e3o realizadas as provas e os demais procedimentos do concurso, podendo ocorrer de forma presencial ou remotas.&nbsp;<\/p>\n\n\n\n<p>Per\u00edodo prov\u00e1vel para realiza\u00e7\u00e3o das provas: Segunda\u202fquinzena de\u202fmaio\u202fde 2021, devendo o respectivo setor divulgar em edital, as datas, locais e hor\u00e1rios de realiza\u00e7\u00e3o das provas.\u202f&nbsp;<\/p>\n\n\n\n<p>Taxa de Inscri\u00e7\u00e3o: R$ 88,00\u202f&nbsp;<\/p>\n\n\n\n<p>Forma de realiza\u00e7\u00e3o das inscri\u00e7\u00f5es: Os e-mails para as inscri\u00e7\u00f5es est\u00e3o especificados no item 4.1.20 do presente edital, de acordo com o respectivo setor.<\/p>\n\n\n\n<p><strong>E-mail: &nbsp;<\/strong>dep.arq.urb@ufpr.br<\/p>\n\n\n\n<p>Per\u00edodo das inscri\u00e7\u00f5es:\u202f\u202f25\/01\/2021 a 23\/02\/2021\u00a0<\/p>\n\n\n\n<p>Para mais informa\u00e7\u00f5es, clique <a href=\"https:\/\/tecnologia.ufpr.br\/cau\/concursos-atuais\/\">aqui<\/a>.<\/p>\n<\/div><\/div>\n","protected":false},"excerpt":{"rendered":"<p>Edital 113\/20*Retificado pelo Edital 14\/21 N\u00famero de vagas: 01 (uma)\u202f&nbsp; N\u00famero limite de candidatos habilitados: 05\u202f&nbsp; Classe: A\u202f&nbsp; Denomina\u00e7\u00e3o: Adjunto A\u202f&nbsp; N\u00edvel: 1\u202f&nbsp; Regime de Trabalho: 20 (vinte) horas semanais\u202f&nbsp; Titula\u00e7\u00e3o M\u00ednima Exigida: Gradua\u00e7\u00e3o em Arquitetura e Urbanismo\u202fCOM Doutorado na \u00c1rea de Arquitetura; Tipos de Provas: Escrita (classificat\u00f3ria e eliminat\u00f3ria),\u202fDid\u00e1tica (classificat\u00f3ria e eliminat\u00f3ria), An\u00e1lise de [&hellip;]<\/p>\n","protected":false},"author":1077,"featured_media":0,"comment_status":"open","ping_status":"open","sticky":false,"template":"","format":"standard","meta":{"footnotes":""},"categories":[70,73],"tags":[],"_links":{"self":[{"href":"https:\/\/tecnologia.ufpr.br\/cau\/wp-json\/wp\/v2\/posts\/2036"}],"collection":[{"href":"https:\/\/tecnologia.ufpr.br\/cau\/wp-json\/wp\/v2\/posts"}],"about":[{"href":"https:\/\/tecnologia.ufpr.br\/cau\/wp-json\/wp\/v2\/types\/post"}],"author":[{"embeddable":true,"href":"https:\/\/tecnologia.ufpr.br\/cau\/wp-json\/wp\/v2\/users\/1077"}],"replies":[{"embeddable":true,"href":"https:\/\/tecnologia.ufpr.br\/cau\/wp-json\/wp\/v2\/comments?post=2036"}],"version-history":[{"count":12,"href":"https:\/\/tecnologia.ufpr.br\/cau\/wp-json\/wp\/v2\/posts\/2036\/revisions"}],"predecessor-version":[{"id":2182,"href":"https:\/\/tecnologia.ufpr.br\/cau\/wp-json\/wp\/v2\/posts\/2036\/revisions\/2182"}],"wp:attachment":[{"href":"https:\/\/tecnologia.ufpr.br\/cau\/wp-json\/wp\/v2\/media?parent=2036"}],"wp:term":[{"taxonomy":"category","embeddable":true,"href":"https:\/\/tecnologia.ufpr.br\/cau\/wp-json\/wp\/v2\/categories?post=2036"},{"taxonomy":"post_tag","embeddable":true,"href":"https:\/\/tecnologia.ufpr.br\/cau\/wp-json\/wp\/v2\/tags?post=2036"}],"curies":[{"name":"wp","href":"https:\/\/api.w.org\/{rel}","templated":true}]}}